{"id":1043,"date":"2018-01-25T11:25:15","date_gmt":"2018-01-25T14:25:15","guid":{"rendered":"http:\/\/www.abrazpe.org.br\/?p=1043"},"modified":"2018-01-25T11:25:15","modified_gmt":"2018-01-25T14:25:15","slug":"la-zona-franca-de-bogota-lleva-20-anos-contribuyendo-al-desarrollo-capitalino","status":"publish","type":"post","link":"https:\/\/www.abrazpe.org.br\/index.php\/2018\/01\/25\/la-zona-franca-de-bogota-lleva-20-anos-contribuyendo-al-desarrollo-capitalino\/","title":{"rendered":"La Zona Franca de Bogot\u00e1 lleva 20 a\u00f1os contribuyendo al desarrollo capitalino"},"content":{"rendered":"<p class=\"estimated-read-time\">Tempo de leitura:<small> 2 minutos<\/small><\/p> <p>Hace 12 a\u00f1os, en Colombia hab\u00eda solo 11 zonas francas. Hoy, el pa\u00eds tiene 111 plataformas industriales que son sin\u00f3nimo de competitividad. Una de ellas, la Zona Franca de Bogot\u00e1, ubicada en Fontib\u00f3n, fue creada hace 20 a\u00f1os y recientemente catalogada por el Financial Times como la Mejor Zona Franca en las Am\u00e9ricas, Mejor Zona Franca Especialista en BPO, Mejor Zona Franca en Educaci\u00f3n y Entrenamiento y Mejor Zona Franca con Programa de Idiomas.Adicionalmente, la revista Site Selection Magazine seleccion\u00f3 a la Zona Franca de Bogot\u00e1 como la segunda mejor zona en la regi\u00f3n econ\u00f3mica de Am\u00e9rica Latina y el Caribe dentro del marco del concurso Top Free Zone 2017.<\/p>\n<p>El r\u00e9gimen franco persigue la atracci\u00f3n de las inversiones, la generaci\u00f3n de empleo y la reconversi\u00f3n industrial, objetivos que potencializan el desarrollo socioecon\u00f3mico del pa\u00eds. La Zona Franca de Bogot\u00e1 ha logrado este objetivo con \u00e9xito: all\u00ed se han dado inversiones por m\u00e1s de 200 millones de d\u00f3lares. Con cerca de 90.000 trabajadores directos e indirectos, se trata de uno de los focos m\u00e1s importantes de empleo en el pa\u00eds; es, adem\u00e1s, la cuarta entidad nacional en recaudo de impuestos de tributos aduaneros.<\/p>\n<p>Diego Vargas, gerente general de la Zona Franca de Bogot\u00e1, considera que m\u00e1s all\u00e1 del paquete de incentivos tributarios \u2013como la disminuci\u00f3n de la renta en un 20 por ciento\u2013, la importancia de este parque empresarial tiene que ver con la competitividad que se genera en un mismo lugar, donde se construyen cl\u00fasteres y una cadena de valor que fortalece las econom\u00edas de sus usuarios. Hoy, el 53 por ciento de las empresas pertenecen al sector log\u00edstico, 27 por ciento al sector de servicios, 12 por ciento al sector de comercio y el 8 por ciento a empresas del sector industrial.<\/p>\n<p>Gracias a su programa de responsabilidad social empresarial, la Zona Franca de Bogot\u00e1 ofrece a sus trabajadores beneficios que trascienden el salario, pues la mayor\u00eda de ellos viven en la localidad de Fontib\u00f3n. Adem\u00e1s, se ha logrado vincular a este programa a cerca de 3.833 personas de las cuales 407 ya recibieron su titulaci\u00f3n como profesionales, tecn\u00f3logos y t\u00e9cnicos, gracias a la alianza educativa Unifranca, programa de la Fundaci\u00f3n ZFB creado en 2011, el cual cuenta con el apoyo y la participaci\u00f3n de ocho importantes entidades educativas, adem\u00e1s de dar inicio a la formaci\u00f3n biling\u00fce de m\u00e1s de 500 personas a trav\u00e9s del programa ZFB Biling\u00fce.<\/p>\n<p><a href=\"http:\/\/www.semana.com\/contenidos-editoriales\/el-suroccidente-de-bogota-se-siente\/articulo\/los-20-anos-de-la-zona-franca-como-desarollo-del-suroccidente-de-bogota\/553727\">Leia mais<\/a><\/p>\n","protected":false},"excerpt":{"rendered":"<p><small> 2 minutos<\/small> Hace 12 a\u00f1os, en Colombia hab\u00eda solo 11 zonas francas. Hoy, el pa\u00eds tiene 111 plataformas industriales que son sin\u00f3nimo de competitividad. Una de ellas, la Zona Franca de Bogot\u00e1, ubicada en Fontib\u00f3n, fue creada hace 20 a\u00f1os y recientemente catalogada por el Financial Times como la Mejor Zona Franca en las Am\u00e9ricas, Mejor Zona Franca Especialista en BPO, Mejor Zona Franca en Educaci\u00f3n y Entrenamiento y Mejor Zona Franca con Programa de Idiomas.Adicionalmente, la revista Site Selection Magazine seleccion\u00f3 a la <a href=\"https:\/\/www.abrazpe.org.br\/index.php\/2018\/01\/25\/la-zona-franca-de-bogota-lleva-20-anos-contribuyendo-al-desarrollo-capitalino\/\" class=\"more-link\"><span>Continue lendo<\/span>\u2192<\/a><\/p>\n","protected":false},"author":4,"featured_media":1044,"comment_status":"closed","ping_status":"open","sticky":false,"template":"","format":"standard","meta":{"footnotes":""},"categories":[7],"tags":[],"class_list":["entry","author-adm_hb2018","post-1043","post","type-post","status-publish","format-standard","has-post-thumbnail","category-noticias"],"_links":{"self":[{"href":"https:\/\/www.abrazpe.org.br\/index.php\/wp-json\/wp\/v2\/posts\/1043","targetHints":{"allow":["GET"]}}],"collection":[{"href":"https:\/\/www.abrazpe.org.br\/index.php\/wp-json\/wp\/v2\/posts"}],"about":[{"href":"https:\/\/www.abrazpe.org.br\/index.php\/wp-json\/wp\/v2\/types\/post"}],"author":[{"embeddable":true,"href":"https:\/\/www.abrazpe.org.br\/index.php\/wp-json\/wp\/v2\/users\/4"}],"replies":[{"embeddable":true,"href":"https:\/\/www.abrazpe.org.br\/index.php\/wp-json\/wp\/v2\/comments?post=1043"}],"version-history":[{"count":1,"href":"https:\/\/www.abrazpe.org.br\/index.php\/wp-json\/wp\/v2\/posts\/1043\/revisions"}],"predecessor-version":[{"id":1045,"href":"https:\/\/www.abrazpe.org.br\/index.php\/wp-json\/wp\/v2\/posts\/1043\/revisions\/1045"}],"wp:featuredmedia":[{"embeddable":true,"href":"https:\/\/www.abrazpe.org.br\/index.php\/wp-json\/wp\/v2\/media\/1044"}],"wp:attachment":[{"href":"https:\/\/www.abrazpe.org.br\/index.php\/wp-json\/wp\/v2\/media?parent=1043"}],"wp:term":[{"taxonomy":"category","embeddable":true,"href":"https:\/\/www.abrazpe.org.br\/index.php\/wp-json\/wp\/v2\/categories?post=1043"},{"taxonomy":"post_tag","embeddable":true,"href":"https:\/\/www.abrazpe.org.br\/index.php\/wp-json\/wp\/v2\/tags?post=1043"}],"curies":[{"name":"wp","href":"https:\/\/api.w.org\/{rel}","templated":true}]}}