{"id":1196,"date":"2018-02-08T14:07:45","date_gmt":"2018-02-08T17:07:45","guid":{"rendered":"http:\/\/www.abrazpe.org.br\/?p=1196"},"modified":"2018-02-08T14:07:45","modified_gmt":"2018-02-08T17:07:45","slug":"secid-culpa-projetista-por-atraso-de-um-ano-em-obras-da-zpe-de-caceres","status":"publish","type":"post","link":"https:\/\/www.abrazpe.org.br\/index.php\/2018\/02\/08\/secid-culpa-projetista-por-atraso-de-um-ano-em-obras-da-zpe-de-caceres\/","title":{"rendered":"Secid culpa projetista por atraso de um ano em obras da ZPE de C\u00e1ceres"},"content":{"rendered":"<p class=\"estimated-read-time\">Tempo de leitura:<small> 1 minuto<\/small><\/p> <p>O governo do Estado, por meio do o secret\u00e1rio adjunto da Secretaria de Estado das Cidades (Secid), Ernesto Negretti assumiu que as obras\u00a0da Zona de Processamento de Exporta\u00e7\u00e3o (ZPE) em C\u00e1ceres que eram para ser entregues em 1 ano, tem menos de 10% dela conclu\u00edda. O gestor n\u00e3o sabe explicar o porqu\u00ea, e apenas culpa projetos pelo atraso. Em contrapartida os projetos s\u00e3o criados e aprovados com aval do governo.<\/p>\n<p>&#8220;Essa demora excessiva \u00e9 inadmiss\u00edvel. O americano levou tr\u00eas dias para chegar \u00e0 lua e, em C\u00e1ceres, depois de nove meses, a obra que era para ser entregue em um ano, n\u00e3o est\u00e1 sequer 10% conclu\u00edda\u201d afirmou assinalando que \u201ca popula\u00e7\u00e3o tem raz\u00e3o em cobrar porque o servi\u00e7o n\u00e3o anda\u201d. E, acrescentou ainda com mais rispidez: \u201cqueremos uma resposta: quem errou tem que assumir ou ser\u00e1 responsabilizado. Hoje n\u00e3o sa\u00edmos daqui sem ter uma defini\u00e7\u00e3o\u201d.<\/p>\n<p>Ele afirma que \u00a0por causa da demora excessiva da obra, o governo vem passando por mentiroso, e por isso n\u00e3o tem mais o que falar a popula\u00e7\u00e3o. &#8220;N\u00e3o temos mais o que justificar. A continuar dessa maneira, daqui a algum tempo o governador ter\u00e1 dificuldade em visitar a cidade por uma culpa que n\u00e3o dele. Mas, sim de determinadas pessoas que n\u00e3o fizeram o servi\u00e7o como deveria fazer\u201d, fala.<\/p>\n<p>A empreiteira respons\u00e1vel pelas obras \u00e9 a\u00a0empreiteira Primus, apontada pelo gestor como v\u00edtima dos projetos. Ele afirma, que a empresa faz o que esta\u00e1 no projeto, mas em raz\u00e3o das falhas constatadas impossibilita o trabalho de evoluir.<\/p>\n<p>O atraso segundo a equipe da obra, teria sido ocasionado \u00a0por causa de um erro no projeto topogr\u00e1fico do terreno, \u00a0feito por um conhecido agrimensor da cidade. Mas vale ressaltar que por se tratar de uma obra estadual, \u00e9 necess\u00e1rio a aprova\u00e7\u00e3o dos projetos tamb\u00e9m pela equipe t\u00e9cnica da Secid.<\/p>\n<p><a href=\"http:\/\/www.jornaloeste.com.br\/noticias\/exibir.asp?id=44074&amp;noticia=secid_culpa_projetista_por_atraso_de_um_ano_em_obras_da_zpe_de_caceres\">Leia mais<\/a><\/p>\n","protected":false},"excerpt":{"rendered":"<p><small> 1 minuto<\/small> O governo do Estado, por meio do o secret\u00e1rio adjunto da Secretaria de Estado das Cidades (Secid), Ernesto Negretti assumiu que as obras\u00a0da Zona de Processamento de Exporta\u00e7\u00e3o (ZPE) em C\u00e1ceres que eram para ser entregues em 1 ano, tem menos de 10% dela conclu\u00edda. O gestor n\u00e3o sabe explicar o porqu\u00ea, e apenas culpa projetos pelo atraso. Em contrapartida os projetos s\u00e3o criados e aprovados com aval do governo. &#8220;Essa demora excessiva \u00e9 inadmiss\u00edvel. O americano levou tr\u00eas dias para chegar <a href=\"https:\/\/www.abrazpe.org.br\/index.php\/2018\/02\/08\/secid-culpa-projetista-por-atraso-de-um-ano-em-obras-da-zpe-de-caceres\/\" class=\"more-link\"><span>Continue lendo<\/span>\u2192<\/a><\/p>\n","protected":false},"author":4,"featured_media":1197,"comment_status":"closed","ping_status":"open","sticky":false,"template":"","format":"standard","meta":{"footnotes":""},"categories":[7],"tags":[],"class_list":["entry","author-adm_hb2018","post-1196","post","type-post","status-publish","format-standard","has-post-thumbnail","category-noticias"],"_links":{"self":[{"href":"https:\/\/www.abrazpe.org.br\/index.php\/wp-json\/wp\/v2\/posts\/1196","targetHints":{"allow":["GET"]}}],"collection":[{"href":"https:\/\/www.abrazpe.org.br\/index.php\/wp-json\/wp\/v2\/posts"}],"about":[{"href":"https:\/\/www.abrazpe.org.br\/index.php\/wp-json\/wp\/v2\/types\/post"}],"author":[{"embeddable":true,"href":"https:\/\/www.abrazpe.org.br\/index.php\/wp-json\/wp\/v2\/users\/4"}],"replies":[{"embeddable":true,"href":"https:\/\/www.abrazpe.org.br\/index.php\/wp-json\/wp\/v2\/comments?post=1196"}],"version-history":[{"count":1,"href":"https:\/\/www.abrazpe.org.br\/index.php\/wp-json\/wp\/v2\/posts\/1196\/revisions"}],"predecessor-version":[{"id":1198,"href":"https:\/\/www.abrazpe.org.br\/index.php\/wp-json\/wp\/v2\/posts\/1196\/revisions\/1198"}],"wp:featuredmedia":[{"embeddable":true,"href":"https:\/\/www.abrazpe.org.br\/index.php\/wp-json\/wp\/v2\/media\/1197"}],"wp:attachment":[{"href":"https:\/\/www.abrazpe.org.br\/index.php\/wp-json\/wp\/v2\/media?parent=1196"}],"wp:term":[{"taxonomy":"category","embeddable":true,"href":"https:\/\/www.abrazpe.org.br\/index.php\/wp-json\/wp\/v2\/categories?post=1196"},{"taxonomy":"post_tag","embeddable":true,"href":"https:\/\/www.abrazpe.org.br\/index.php\/wp-json\/wp\/v2\/tags?post=1196"}],"curies":[{"name":"wp","href":"https:\/\/api.w.org\/{rel}","templated":true}]}}