{"id":1453,"date":"2018-03-26T17:25:13","date_gmt":"2018-03-26T20:25:13","guid":{"rendered":"http:\/\/www.abrazpe.org.br\/?p=1453"},"modified":"2018-03-26T17:26:28","modified_gmt":"2018-03-26T20:26:28","slug":"complexo-industrial-e-portuario-do-pecema-nova-ordem-industrial-do-ceara","status":"publish","type":"post","link":"https:\/\/www.abrazpe.org.br\/index.php\/2018\/03\/26\/complexo-industrial-e-portuario-do-pecema-nova-ordem-industrial-do-ceara\/","title":{"rendered":"Complexo Industrial e Portu\u00e1rio do Pec\u00e9m, a nova ordem industrial do Cear\u00e1"},"content":{"rendered":"<p class=\"estimated-read-time\">Tempo de leitura:<small> 2 minutos<\/small><\/p> <p>Inserir o Cear\u00e1 na rota internacional do com\u00e9rcio, tendo destaque para atividades industriais, numa \u00e1rea que agregue desenvolvimento, sustentabilidade e log\u00edstica aprimorada. Assim nasceu o Complexo Industrial e Portu\u00e1rio do Pec\u00e9m (CIPP). Iniciou as opera\u00e7\u00f5es comerciais em novembro em novembro de 2001 e foi inaugurado em mar\u00e7o de 2002.<\/p>\n<p style=\"font-style: inherit; font-weight: inherit;\">Localizado entre os munic\u00edpios de Caucaia e S\u00e3o Gon\u00e7alo do Amarante, a 60 quil\u00f4metros de Fortaleza, ocupa uma grande \u00e1rea de 13.337 hectares. O CIPP cresce com o intuito de desenvolver a economia local, regional e nacional movimentando materiais sider\u00fargicos, fertilizantes, granel e cont\u00eaineres. O plano diretor divide a regi\u00e3o em quatro setores. O primeiro \u00e9 destinado \u00e0s termel\u00e9tricas e \u00e0 Companhia Sider\u00fargica do Pec\u00e9m (CSP); o segundo, \u00e0 refinaria e p\u00f3lo petroqu\u00edmico; o terceiro, \u00e0 \u00e1rea industrial e o quarto, \u00e9 da \u00e1rea institucional, servi\u00e7os e ZPE.<\/p>\n<p style=\"font-style: inherit; font-weight: inherit;\">Grandes e estrat\u00e9gicos empreendimentos para o Cear\u00e1 est\u00e3o instalados na regi\u00e3o. Atualmente, o Complexo congrega 30 empresas. Em opera\u00e7\u00e3o j\u00e1 s\u00e3o 22 e as demais em fase de implanta\u00e7\u00e3o. Juntas totalizam investimentos na ordem de R$ 28,5 bilh\u00f5es, gerando 50,8 mil empregos diretos e indiretos.<\/p>\n<p style=\"font-style: inherit; font-weight: inherit;\">Diante deste cen\u00e1rio, a regi\u00e3o tem se transformado em um mar de oportunidades para empresas nacionais e internacionais. S\u00e3o mais de 70 oportunidades de novos neg\u00f3cios na regi\u00e3o, desde a implanta\u00e7\u00e3o de empresas de presta\u00e7\u00e3o de servi\u00e7os t\u00e9cnicos e de apoio, de suprimentos e de comercializa\u00e7\u00e3o de subprodutos das ind\u00fastrias existentes. Empresas de manuten\u00e7\u00e3o de m\u00e1quinas e de equipamentos, de servi\u00e7os de tubula\u00e7\u00e3o e caldeiraria em geral, de loca\u00e7\u00e3o de ve\u00edculos, de terceiriza\u00e7\u00e3o de m\u00e3o de obra, de vigil\u00e2ncia e em capacita\u00e7\u00e3o de pessoas.<\/p>\n<p style=\"font-style: inherit; font-weight: inherit;\">As facilidades de instala\u00e7\u00e3o, somadas \u00e0 localiza\u00e7\u00e3o geogr\u00e1fica do CIPP (pr\u00f3ximo dos mercados consumidores da \u00c1sia, Am\u00e9rica do Norte e Europa), infraestrutura rodovi\u00e1ria, ferrovi\u00e1ria e portu\u00e1ria, incentivos fiscais, capacita\u00e7\u00e3o de pessoas, seguran\u00e7a energ\u00e9tica, linha de financiamento e a Zona de Processamento de Exporta\u00e7\u00e3o (ZPE) d\u00e3o o tom da atra\u00e7\u00e3o para novos investimentos.<\/p>\n<p><a href=\"http:\/\/www.papelpanoticias.com\/2018\/03\/26\/complexo-industrial-e-portuario-do-pecem-a-nova-ordem-logistica-do-ceara\/\">Leia mais<\/a><\/p>\n","protected":false},"excerpt":{"rendered":"<p><small> 2 minutos<\/small> Inserir o Cear\u00e1 na rota internacional do com\u00e9rcio, tendo destaque para atividades industriais, numa \u00e1rea que agregue desenvolvimento, sustentabilidade e log\u00edstica aprimorada. Assim nasceu o Complexo Industrial e Portu\u00e1rio do Pec\u00e9m (CIPP). Iniciou as opera\u00e7\u00f5es comerciais em novembro em novembro de 2001 e foi inaugurado em mar\u00e7o de 2002. Localizado entre os munic\u00edpios de Caucaia e S\u00e3o Gon\u00e7alo do Amarante, a 60 quil\u00f4metros de Fortaleza, ocupa uma grande \u00e1rea de 13.337 hectares. O CIPP cresce com o intuito de desenvolver a economia <a href=\"https:\/\/www.abrazpe.org.br\/index.php\/2018\/03\/26\/complexo-industrial-e-portuario-do-pecema-nova-ordem-industrial-do-ceara\/\" class=\"more-link\"><span>Continue lendo<\/span>\u2192<\/a><\/p>\n","protected":false},"author":4,"featured_media":1454,"comment_status":"closed","ping_status":"open","sticky":false,"template":"","format":"standard","meta":{"footnotes":""},"categories":[7],"tags":[],"class_list":["entry","author-adm_hb2018","post-1453","post","type-post","status-publish","format-standard","has-post-thumbnail","category-noticias"],"_links":{"self":[{"href":"https:\/\/www.abrazpe.org.br\/index.php\/wp-json\/wp\/v2\/posts\/1453","targetHints":{"allow":["GET"]}}],"collection":[{"href":"https:\/\/www.abrazpe.org.br\/index.php\/wp-json\/wp\/v2\/posts"}],"about":[{"href":"https:\/\/www.abrazpe.org.br\/index.php\/wp-json\/wp\/v2\/types\/post"}],"author":[{"embeddable":true,"href":"https:\/\/www.abrazpe.org.br\/index.php\/wp-json\/wp\/v2\/users\/4"}],"replies":[{"embeddable":true,"href":"https:\/\/www.abrazpe.org.br\/index.php\/wp-json\/wp\/v2\/comments?post=1453"}],"version-history":[{"count":2,"href":"https:\/\/www.abrazpe.org.br\/index.php\/wp-json\/wp\/v2\/posts\/1453\/revisions"}],"predecessor-version":[{"id":1456,"href":"https:\/\/www.abrazpe.org.br\/index.php\/wp-json\/wp\/v2\/posts\/1453\/revisions\/1456"}],"wp:featuredmedia":[{"embeddable":true,"href":"https:\/\/www.abrazpe.org.br\/index.php\/wp-json\/wp\/v2\/media\/1454"}],"wp:attachment":[{"href":"https:\/\/www.abrazpe.org.br\/index.php\/wp-json\/wp\/v2\/media?parent=1453"}],"wp:term":[{"taxonomy":"category","embeddable":true,"href":"https:\/\/www.abrazpe.org.br\/index.php\/wp-json\/wp\/v2\/categories?post=1453"},{"taxonomy":"post_tag","embeddable":true,"href":"https:\/\/www.abrazpe.org.br\/index.php\/wp-json\/wp\/v2\/tags?post=1453"}],"curies":[{"name":"wp","href":"https:\/\/api.w.org\/{rel}","templated":true}]}}