{"id":1527,"date":"2018-04-09T23:47:18","date_gmt":"2018-04-10T02:47:18","guid":{"rendered":"http:\/\/www.abrazpe.org.br\/?p=1527"},"modified":"2024-09-20T14:38:27","modified_gmt":"2024-09-20T17:38:27","slug":"empresarios-do-japao-visitam-complexo-industrial-e-portuario-do-pecem","status":"publish","type":"post","link":"https:\/\/www.abrazpe.org.br\/index.php\/2018\/04\/09\/empresarios-do-japao-visitam-complexo-industrial-e-portuario-do-pecem\/","title":{"rendered":"Empres\u00e1rios do Jap\u00e3o visitam Complexo Industrial e Portu\u00e1rio do Pec\u00e9m"},"content":{"rendered":"<p class=\"estimated-read-time\">Tempo de leitura:<small> 2 minutos<\/small><\/p> <p>Em continuidade ao Semin\u00e1rio Internacional \u201cZPE Cear\u00e1 e as Oportunidades de Investimentos no Estado\u201d, o embaixador do Jap\u00e3o no Brasil, Akira Yamada, acompanhado da comitiva empresarial ligada \u00e0 C\u00e2mara de Com\u00e9rcio e Ind\u00fastria Japonesa do Brasil, visitou no \u00faltimo s\u00e1bado (7) o Complexo Industrial e Portu\u00e1rio do Pec\u00e9m (CIPP). A programa\u00e7\u00e3o incluiu equipamentos como ZPE Cear\u00e1, Companhia Sider\u00fargica do Pec\u00e9m (CSP), Instituto Federal de Educa\u00e7\u00e3o, Ci\u00eancia e Tecnologia do Cear\u00e1 (IFCE) e Porto do Pec\u00e9m. A comitiva foi recepcionada pelo presidente da ZPE Cear\u00e1, M\u00e1rio Lima J\u00fanior e pelo deputado federal e ex-assessor Especial de Assuntos Internacionais do Governo do Cear\u00e1, Antonio Balhmann.<\/p>\n<p>Na ZPE Cear\u00e1, a comitiva nip\u00f4nica visitou o Setor II, que conta com cerca de 2 mil hectares, \u00e1rea de expans\u00e3o da Companhia para abrigar novos investimentos num condom\u00ednio industrial de 150 hectares, que est\u00e1 sendo constru\u00eddo nesta primeira etapa. Segundo M\u00e1rio Lima, est\u00e3o sendo captados investimentos em \u00e1reas como granito, energia, beneficiamento de pescado e equipamentos industriais.<\/p>\n<p>Al\u00e9m da ZPE Cear\u00e1, a comitiva visitou a \u00e1rea industrial da Companhia Sider\u00fargica do Pec\u00e9m (CSP), a infraestrutura da Cear\u00e1 Portos e o IFCE, que treina e capacita m\u00e3o de obra para as ind\u00fastrias instaladas no Complexo Industrial do Pec\u00e9m. Segundo Antonio Balhmann, um dos principais defensores do sistema nacional de ZPEs, o Governo do Cear\u00e1 tem dado total apoio \u00e0 ZPE Cear\u00e1 e realizado todos os investimentos em infraestrutura necess\u00e1rios ao projeto, para desenvolver ainda mais o Estado. \u201cCom a expans\u00e3o da ZPE Cear\u00e1, ou seja, com a incorpora\u00e7\u00e3o dos 2 mil novos hectares, a ZPE passou a contar com uma \u00e1rea dispon\u00edvel para uma zona livre pelos pr\u00f3ximos 50 anos\u201d, assegura.<\/p>\n<p>O Semin\u00e1rio Internacional foi realizado na \u00faltima sexta-feira (6), no Pal\u00e1cio da Aboli\u00e7\u00e3o, quando o governador Camilo Santana recebeu o embaixador do Jap\u00e3o no Brasil, Akira Yamada, ao lado do presidente do Senado, Eun\u00edcio Oliveira, ocasi\u00e3o em que foram apresentadas as principais oportunidades de investimentos para os japoneses no Cear\u00e1.<\/p>\n<p>Os empres\u00e1rios japoneses ligados \u00e0 C\u00e2mara de Com\u00e9rcio e Ind\u00fastria Japonesa do Brasil participaram, durante toda a tarde de sexta-feira, no Pal\u00e1cio da Aboli\u00e7\u00e3o, do semin\u00e1rio \u201cZPE Cear\u00e1 e as Oportunidades de Investimentos no Estado\u201d, uma estrat\u00e9gia do Governo do Cear\u00e1 de divulgar a Zona de Processamento de Exporta\u00e7\u00e3o do Cear\u00e1 (ZPE Cear\u00e1) nacional e internacionalmente, em parceria com a presid\u00eancia do Senado Federal.<\/p>\n<p>Aos empres\u00e1rios japoneses e participantes do semin\u00e1rio, o governador Camilo Santana destacou os investimentos do Estado em \u00e1reas como seguran\u00e7a, educa\u00e7\u00e3o, infraestrutura, entre outros. \u201cSomos o Estado que mais investiu no pa\u00eds em 2017, 13,9% da nossa receita l\u00edquida foi voltada para esses investimentos\u201d, disse.<\/p>\n<p>Destacou ainda que o Estado vem buscando apresentar seu potencial para construir rela\u00e7\u00f5es internacionais e o Jap\u00e3o, com toda a sua antiga rela\u00e7\u00e3o com o Brasil, \u00e9 um parceiro importante para o Cear\u00e1.<\/p>\n<p><a href=\"http:\/\/www.ceara.gov.br\/2018\/04\/09\/empresarios-do-japao-visitam-complexo-industrial-e-portuario-do-pecem\/\">Leia mais<\/a><\/p>\n","protected":false},"excerpt":{"rendered":"<p><small> 2 minutos<\/small> Em continuidade ao Semin\u00e1rio Internacional \u201cZPE Cear\u00e1 e as Oportunidades de Investimentos no Estado\u201d, o embaixador do Jap\u00e3o no Brasil, Akira Yamada, acompanhado da comitiva empresarial ligada \u00e0 C\u00e2mara de Com\u00e9rcio e Ind\u00fastria Japonesa do Brasil, visitou no \u00faltimo s\u00e1bado (7) o Complexo Industrial e Portu\u00e1rio do Pec\u00e9m (CIPP). A programa\u00e7\u00e3o incluiu equipamentos como ZPE Cear\u00e1, Companhia Sider\u00fargica do Pec\u00e9m (CSP), Instituto Federal de Educa\u00e7\u00e3o, Ci\u00eancia e Tecnologia do Cear\u00e1 (IFCE) e Porto do Pec\u00e9m. A comitiva foi recepcionada pelo presidente da <a href=\"https:\/\/www.abrazpe.org.br\/index.php\/2018\/04\/09\/empresarios-do-japao-visitam-complexo-industrial-e-portuario-do-pecem\/\" class=\"more-link\"><span>Continue lendo<\/span>\u2192<\/a><\/p>\n","protected":false},"author":4,"featured_media":132,"comment_status":"closed","ping_status":"open","sticky":false,"template":"","format":"standard","meta":{"footnotes":""},"categories":[7],"tags":[],"class_list":["entry","author-adm_hb2018","post-1527","post","type-post","status-publish","format-standard","has-post-thumbnail","category-noticias"],"_links":{"self":[{"href":"https:\/\/www.abrazpe.org.br\/index.php\/wp-json\/wp\/v2\/posts\/1527","targetHints":{"allow":["GET"]}}],"collection":[{"href":"https:\/\/www.abrazpe.org.br\/index.php\/wp-json\/wp\/v2\/posts"}],"about":[{"href":"https:\/\/www.abrazpe.org.br\/index.php\/wp-json\/wp\/v2\/types\/post"}],"author":[{"embeddable":true,"href":"https:\/\/www.abrazpe.org.br\/index.php\/wp-json\/wp\/v2\/users\/4"}],"replies":[{"embeddable":true,"href":"https:\/\/www.abrazpe.org.br\/index.php\/wp-json\/wp\/v2\/comments?post=1527"}],"version-history":[{"count":1,"href":"https:\/\/www.abrazpe.org.br\/index.php\/wp-json\/wp\/v2\/posts\/1527\/revisions"}],"predecessor-version":[{"id":1529,"href":"https:\/\/www.abrazpe.org.br\/index.php\/wp-json\/wp\/v2\/posts\/1527\/revisions\/1529"}],"wp:featuredmedia":[{"embeddable":true,"href":"https:\/\/www.abrazpe.org.br\/index.php\/wp-json\/wp\/v2\/media\/132"}],"wp:attachment":[{"href":"https:\/\/www.abrazpe.org.br\/index.php\/wp-json\/wp\/v2\/media?parent=1527"}],"wp:term":[{"taxonomy":"category","embeddable":true,"href":"https:\/\/www.abrazpe.org.br\/index.php\/wp-json\/wp\/v2\/categories?post=1527"},{"taxonomy":"post_tag","embeddable":true,"href":"https:\/\/www.abrazpe.org.br\/index.php\/wp-json\/wp\/v2\/tags?post=1527"}],"curies":[{"name":"wp","href":"https:\/\/api.w.org\/{rel}","templated":true}]}}