{"id":1559,"date":"2018-04-18T09:52:30","date_gmt":"2018-04-18T12:52:30","guid":{"rendered":"http:\/\/www.abrazpe.org.br\/?p=1559"},"modified":"2018-04-18T09:52:30","modified_gmt":"2018-04-18T12:52:30","slug":"prefeito-paulo-piau-se-reune-com-ministro-carlos-marun-e-deputados-para-discutir-sobre-pl-que-trata-das-zpes","status":"publish","type":"post","link":"https:\/\/www.abrazpe.org.br\/index.php\/2018\/04\/18\/prefeito-paulo-piau-se-reune-com-ministro-carlos-marun-e-deputados-para-discutir-sobre-pl-que-trata-das-zpes\/","title":{"rendered":"Prefeito Paulo Piau se re\u00fane com ministro Carlos Marun e deputados para discutir sobre PL que trata das ZPEs"},"content":{"rendered":"<p class=\"estimated-read-time\">Tempo de leitura:<small> 1 minuto<\/small><\/p> <p>Cumprindo agenda em Bras\u00edlia hoje (17), o Prefeito Paulo Piau acompanhou os deputados federais Hugo Leal, J\u00falio Cesar e Gorete Pereira e o presidente da Abrazpe \u2013 Associa\u00e7\u00e3o Brasileira de Zonas de Processamento de Exporta\u00e7\u00e3o, Helson Braga, em reuni\u00e3o com o ministro da Secretaria de Governo, Carlos Marun, no Pal\u00e1cio do Planalto.\u00a0\u00a0Eles foram solicitar que o PL 5.957\/2013, j\u00e1 aprovado em comiss\u00f5es e no Senado, seja levado para discuss\u00e3o e vota\u00e7\u00e3o no\u00a0\u00a0Plen\u00e1rio da C\u00e2mara dos Deputados.<\/p>\n<p>Conforme explica Piau, trata-se de uma necessidade, visto que as mudan\u00e7as beneficiar\u00e3o as ZPE\u2019s e o Brasil, gerando mais emprego e renda. O texto do PL aprovado na Comiss\u00e3o de Constitui\u00e7\u00e3o e Justi\u00e7a estabelece \u201cum aumento no percentual m\u00e1ximo \u2013 de 20% para 40% \u2013 das vendas no mercado interno de produtos fabricados pelas empresas localizadas nas ZPEs e a extin\u00e7\u00e3o da cobran\u00e7a de uma multa, prevista na legisla\u00e7\u00e3o atual. No caso de empresa que exer\u00e7a preponderantemente as atividades de desenvolvimento de software ou de presta\u00e7\u00e3o de servi\u00e7os de tecnologia da informa\u00e7\u00e3o (TI), o compromisso de exporta\u00e7\u00e3o fica em 50%.<\/p>\n<p>O texto admite ainda, \u201ca exporta\u00e7\u00e3o de produtos nacionais com os benef\u00edcios de uma ZPE \u2013 produzindo todos os efeitos fiscais e cambiais \u2013 sem que tenha ocorrido sua sa\u00edda do territ\u00f3rio brasileiro. Nesse caso, os produtos (a exemplo de pe\u00e7as e componentes de uma ind\u00fastria para outra), seriam adquiridos por empresa sediada no exterior, mas com representante no Brasil\u201d.<\/p>\n<p>Vale destacar que o Deputado Hugo Leal foi relator da mat\u00e9ria na Comiss\u00e3o de Constitui\u00e7\u00e3o e Justi\u00e7a e o Deputado J\u00falio C\u00e9sar\u00a0foi relator do projeto na Comiss\u00e3o de Finan\u00e7as e Tributa\u00e7\u00e3o e agora ser\u00e1 o relator no Plen\u00e1rio da C\u00e2mara dos\u00a0Deputados.<\/p>\n<p><a href=\"http:\/\/www.folhauberaba.com.br\/noticias\/prefeito-se-reune-com-ministro-carlos-marun-e-deputados-para-discutir-sobre-pl-que-trata-da\">Leia mais<\/a><\/p>\n<p>&nbsp;<\/p>\n","protected":false},"excerpt":{"rendered":"<p><small> 1 minuto<\/small> Cumprindo agenda em Bras\u00edlia hoje (17), o Prefeito Paulo Piau acompanhou os deputados federais Hugo Leal, J\u00falio Cesar e Gorete Pereira e o presidente da Abrazpe \u2013 Associa\u00e7\u00e3o Brasileira de Zonas de Processamento de Exporta\u00e7\u00e3o, Helson Braga, em reuni\u00e3o com o ministro da Secretaria de Governo, Carlos Marun, no Pal\u00e1cio do Planalto.\u00a0\u00a0Eles foram solicitar que o PL 5.957\/2013, j\u00e1 aprovado em comiss\u00f5es e no Senado, seja levado para discuss\u00e3o e vota\u00e7\u00e3o no\u00a0\u00a0Plen\u00e1rio da C\u00e2mara dos Deputados. Conforme explica Piau, trata-se de uma <a href=\"https:\/\/www.abrazpe.org.br\/index.php\/2018\/04\/18\/prefeito-paulo-piau-se-reune-com-ministro-carlos-marun-e-deputados-para-discutir-sobre-pl-que-trata-das-zpes\/\" class=\"more-link\"><span>Continue lendo<\/span>\u2192<\/a><\/p>\n","protected":false},"author":4,"featured_media":132,"comment_status":"closed","ping_status":"open","sticky":false,"template":"","format":"standard","meta":{"footnotes":""},"categories":[7],"tags":[],"class_list":["entry","author-adm_hb2018","post-1559","post","type-post","status-publish","format-standard","has-post-thumbnail","category-noticias"],"_links":{"self":[{"href":"https:\/\/www.abrazpe.org.br\/index.php\/wp-json\/wp\/v2\/posts\/1559","targetHints":{"allow":["GET"]}}],"collection":[{"href":"https:\/\/www.abrazpe.org.br\/index.php\/wp-json\/wp\/v2\/posts"}],"about":[{"href":"https:\/\/www.abrazpe.org.br\/index.php\/wp-json\/wp\/v2\/types\/post"}],"author":[{"embeddable":true,"href":"https:\/\/www.abrazpe.org.br\/index.php\/wp-json\/wp\/v2\/users\/4"}],"replies":[{"embeddable":true,"href":"https:\/\/www.abrazpe.org.br\/index.php\/wp-json\/wp\/v2\/comments?post=1559"}],"version-history":[{"count":1,"href":"https:\/\/www.abrazpe.org.br\/index.php\/wp-json\/wp\/v2\/posts\/1559\/revisions"}],"predecessor-version":[{"id":1560,"href":"https:\/\/www.abrazpe.org.br\/index.php\/wp-json\/wp\/v2\/posts\/1559\/revisions\/1560"}],"wp:featuredmedia":[{"embeddable":true,"href":"https:\/\/www.abrazpe.org.br\/index.php\/wp-json\/wp\/v2\/media\/132"}],"wp:attachment":[{"href":"https:\/\/www.abrazpe.org.br\/index.php\/wp-json\/wp\/v2\/media?parent=1559"}],"wp:term":[{"taxonomy":"category","embeddable":true,"href":"https:\/\/www.abrazpe.org.br\/index.php\/wp-json\/wp\/v2\/categories?post=1559"},{"taxonomy":"post_tag","embeddable":true,"href":"https:\/\/www.abrazpe.org.br\/index.php\/wp-json\/wp\/v2\/tags?post=1559"}],"curies":[{"name":"wp","href":"https:\/\/api.w.org\/{rel}","templated":true}]}}