{"id":1562,"date":"2018-04-19T20:59:55","date_gmt":"2018-04-19T23:59:55","guid":{"rendered":"http:\/\/www.abrazpe.org.br\/?p=1562"},"modified":"2018-04-19T21:03:20","modified_gmt":"2018-04-20T00:03:20","slug":"prefeitura-de-fernandopolis-nomeia-nova-diretoria-da-zpe","status":"publish","type":"post","link":"https:\/\/www.abrazpe.org.br\/index.php\/2018\/04\/19\/prefeitura-de-fernandopolis-nomeia-nova-diretoria-da-zpe\/","title":{"rendered":"Prefeitura de Fernand\u00f3polis nomeia nova diretoria da ZPE"},"content":{"rendered":"<p class=\"estimated-read-time\">Tempo de leitura:<small> 1 minuto<\/small><\/p> <p>A Prefeitura de Fernand\u00f3polis publica nesta quinta-feira, 19, a portaria n\u00ba 18.040\/2018 que nomeia a nova diretoria executiva da administradora AZPEF \u2013 Zona de Processamento de Exporta\u00e7\u00e3o de Fernand\u00f3polis.<\/p>\n<p>A atual situa\u00e7\u00e3o da concess\u00e3o da referida ZPE \u00e9 extremamente delicada. Um primeiro obst\u00e1culo foi ultrapassado com sucesso com a revers\u00e3o para o munic\u00edpio de todas as cotas anteriormente vendidas. Entretanto, como n\u00e3o houve, at\u00e9 o momento, avan\u00e7o no desenvolvimento do projeto, ser\u00e1 necess\u00e1rio agora conseguir uma prorroga\u00e7\u00e3o do prazo de implanta\u00e7\u00e3o da \u00e1rea de processamento.<\/p>\n<p>Para isto, at\u00e9 o dia 12 de Julho pr\u00f3ximo,alternativas e op\u00e7\u00f5es concretas, vi\u00e1veis, para o desenvolvimento deste projeto dever\u00e3o ser apresentadas para aprecia\u00e7\u00e3o, an\u00e1lise e delibera\u00e7\u00e3o pelo Conselho de ZPE em Bras\u00edlia. A n\u00e3o obten\u00e7\u00e3o desta prorroga\u00e7\u00e3o acarretar\u00e1 no cancelamento da concess\u00e3o da ZPE de Fernand\u00f3polis.<\/p>\n<p>A diretoria que est\u00e1 sendo nomeada, juntamente com a administra\u00e7\u00e3o municipal, tem, neste momento, como prioridade absoluta obter a prorroga\u00e7\u00e3o do prazo de implanta\u00e7\u00e3o e manter a concess\u00e3o.<\/p>\n<p>Dentre os principais estudos e trabalhos em curso, os quais ser\u00e3o protocolados no referido Conselho de ZPE juntamente com um hist\u00f3rico deste projeto at\u00e9 a presente data, destacam-se: cria\u00e7\u00e3o de \u201cimagem institucional \u2013 ZPE Fernand\u00f3polis\u201d; esbo\u00e7o de um estudo de viabilidade; obten\u00e7\u00e3o de cartas de inten\u00e7\u00e3o de empresa incorporadora &#8211; que construir\u00e1 a ZPE &#8211; e de empresa processadora &#8211; que tenha inten\u00e7\u00e3o de se instalar na ZPE.<\/p>\n<p>Sendo bem sucedida na obten\u00e7\u00e3o da prorroga\u00e7\u00e3o do prazo de implanta\u00e7\u00e3o, o que se apresenta como um desafio significativo e sem garantia de sucesso, a diretoria se dedicar\u00e1 ent\u00e3o \u00e0s tratativas, ao aprofundamento e detalhamento de estudos, iniciativas e an\u00e1lises visando a viabiliza\u00e7\u00e3o t\u00e9cnico-financeira da referida \u00e1rea de processamento de exporta\u00e7\u00e3o.<\/p>\n<p><a href=\"http:\/\/www.regiaonoroeste.com\/portal\/materias.php?id=177043\">\u00a0Leia mais<\/a><\/p>\n","protected":false},"excerpt":{"rendered":"<p><small> 1 minuto<\/small> A Prefeitura de Fernand\u00f3polis publica nesta quinta-feira, 19, a portaria n\u00ba 18.040\/2018 que nomeia a nova diretoria executiva da administradora AZPEF \u2013 Zona de Processamento de Exporta\u00e7\u00e3o de Fernand\u00f3polis. A atual situa\u00e7\u00e3o da concess\u00e3o da referida ZPE \u00e9 extremamente delicada. Um primeiro obst\u00e1culo foi ultrapassado com sucesso com a revers\u00e3o para o munic\u00edpio de todas as cotas anteriormente vendidas. Entretanto, como n\u00e3o houve, at\u00e9 o momento, avan\u00e7o no desenvolvimento do projeto, ser\u00e1 necess\u00e1rio agora conseguir uma prorroga\u00e7\u00e3o do prazo de implanta\u00e7\u00e3o da <a href=\"https:\/\/www.abrazpe.org.br\/index.php\/2018\/04\/19\/prefeitura-de-fernandopolis-nomeia-nova-diretoria-da-zpe\/\" class=\"more-link\"><span>Continue lendo<\/span>\u2192<\/a><\/p>\n","protected":false},"author":4,"featured_media":1563,"comment_status":"closed","ping_status":"open","sticky":false,"template":"","format":"standard","meta":{"footnotes":""},"categories":[7],"tags":[],"class_list":["entry","author-adm_hb2018","post-1562","post","type-post","status-publish","format-standard","has-post-thumbnail","category-noticias"],"_links":{"self":[{"href":"https:\/\/www.abrazpe.org.br\/index.php\/wp-json\/wp\/v2\/posts\/1562","targetHints":{"allow":["GET"]}}],"collection":[{"href":"https:\/\/www.abrazpe.org.br\/index.php\/wp-json\/wp\/v2\/posts"}],"about":[{"href":"https:\/\/www.abrazpe.org.br\/index.php\/wp-json\/wp\/v2\/types\/post"}],"author":[{"embeddable":true,"href":"https:\/\/www.abrazpe.org.br\/index.php\/wp-json\/wp\/v2\/users\/4"}],"replies":[{"embeddable":true,"href":"https:\/\/www.abrazpe.org.br\/index.php\/wp-json\/wp\/v2\/comments?post=1562"}],"version-history":[{"count":2,"href":"https:\/\/www.abrazpe.org.br\/index.php\/wp-json\/wp\/v2\/posts\/1562\/revisions"}],"predecessor-version":[{"id":1565,"href":"https:\/\/www.abrazpe.org.br\/index.php\/wp-json\/wp\/v2\/posts\/1562\/revisions\/1565"}],"wp:featuredmedia":[{"embeddable":true,"href":"https:\/\/www.abrazpe.org.br\/index.php\/wp-json\/wp\/v2\/media\/1563"}],"wp:attachment":[{"href":"https:\/\/www.abrazpe.org.br\/index.php\/wp-json\/wp\/v2\/media?parent=1562"}],"wp:term":[{"taxonomy":"category","embeddable":true,"href":"https:\/\/www.abrazpe.org.br\/index.php\/wp-json\/wp\/v2\/categories?post=1562"},{"taxonomy":"post_tag","embeddable":true,"href":"https:\/\/www.abrazpe.org.br\/index.php\/wp-json\/wp\/v2\/tags?post=1562"}],"curies":[{"name":"wp","href":"https:\/\/api.w.org\/{rel}","templated":true}]}}