{"id":1579,"date":"2018-04-23T15:43:25","date_gmt":"2018-04-23T18:43:25","guid":{"rendered":"http:\/\/www.abrazpe.org.br\/?p=1579"},"modified":"2018-04-23T15:45:00","modified_gmt":"2018-04-23T18:45:00","slug":"pedro-taques-e-a-zpe-de-caceres","status":"publish","type":"post","link":"https:\/\/www.abrazpe.org.br\/index.php\/2018\/04\/23\/pedro-taques-e-a-zpe-de-caceres\/","title":{"rendered":"Pedro Taques e a ZPE de C\u00e1ceres"},"content":{"rendered":"<p class=\"estimated-read-time\">Tempo de leitura:<small> 3 minutos<\/small><\/p> <p>A Zona de Processamento de Exporta\u00e7\u00e3o de C\u00e1ceres (ZPE) \u00e9 uma obra que s\u00f3 n\u00e3o \u00e9 mais sonhada e desejada pelos mato-grossenses porque a maioria da popula\u00e7\u00e3o n\u00e3o sabe como que ela ajudaria a transformar Mato Grosso na industrializa\u00e7\u00e3o dos seus produtos que n\u00e3o valem nada, uma vez que saem daqui \u201cin natura\u201d, sem sofrer qualquer agrega\u00e7\u00e3o de valores, por n\u00e3o termos uma ind\u00fastria de transforma\u00e7\u00e3o.<\/p>\n<p>Somos, sim, um Estado campe\u00e3o de exporta\u00e7\u00f5es. Mato Grosso \u00e9 l\u00edder na produ\u00e7\u00e3o de quatro commodities agr\u00edcolas: soja, milho (segunda safra), algod\u00e3o e girassol, al\u00e9m de ter o maior rebanho bovino, com 30 milh\u00f5es de cabe\u00e7as de gado, o que nos d\u00e1 tamb\u00e9m a lideran\u00e7a na produ\u00e7\u00e3o de carne.<\/p>\n<p>Somos um Estado de baixo \u00edndice populacional em uma \u00e1rea territorial de 93 mil quil\u00f4metros quadrados \u2013 quase um continente \u2013 e com uma \u00e1rea de fronteira de aproximadamente 700 km. Uma verdadeira \u00e1rea de risco, \u00e1rea de pol\u00edcia, em vez de \u00e1rea de pol\u00edtica internacional. Isso nos transforma em rota do tr\u00e1fico de drogas e contrabando.<\/p>\n<p>Com tanta riqueza e por estarmos equidistantes dos oceanos Atl\u00e2ntico e Pac\u00edfico n\u00e3o podemos, em hip\u00f3tese alguma, continuar a n\u00e3o dar solu\u00e7\u00e3o a essa obra redentora.<\/p>\n<p>A ZPE \u00e9 um sonho acalentado h\u00e1 mais de 30 anos. Muito do entrave foi causado pela atua\u00e7\u00e3o do ent\u00e3o Procurador da Rep\u00fablica quando foi o chefe da Procuradoria em nosso Estado. Pedro Taques foi o respons\u00e1vel pela paralisa\u00e7\u00e3o da navega\u00e7\u00e3o na hidrovia Paraguai\/Paran\u00e1, al\u00e9m das hidrovias Araguaia\/Tocantins e Juruena \/Teles Pires .<\/p>\n<p>E que bom que mudou de opini\u00e3o!!!! Parab\u00e9ns, governador!<\/p>\n<p>O lan\u00e7amento da obra da ZPE em C\u00e1ceres, em julho do ano de 2017 trouxe de volta o sonho do desenvolvimento daquela regi\u00e3o. Com alfandegamento j\u00e1 garantido e com todas as licen\u00e7as ambientais j\u00e1 expedidas, resta apenas a conclus\u00e3o da obra para in\u00edcio do credenciamento dos \u00f3rg\u00e3os controladores, a parte mais f\u00e1cil. Com a ZPE implantada, a sa\u00edda para o Pac\u00edfico come\u00e7a, tamb\u00e9m, tornar-se realidade.<\/p>\n<p>Tudo estaria maravilhoso se a empresa vencedora da licita\u00e7\u00e3o estivesse cumprindo o seu papel e executando a obra dentro dos prazos contratuais. A mesma anda a passos de tartaruga e n\u00e3o h\u00e1 previs\u00e3o da sua conclus\u00e3o. O pior de tudo \u00e9 que essa empresa faz parte de um grupo que tamb\u00e9m \u00e9 respons\u00e1vel por obras importantes na nossa capital, obras que deveriam estar conclu\u00eddas para a Copa de 2014, como \u00e9 o caso do Aeroporto \u2013 o pior do Brasil e ainda inconcluso -, os COTs da Universidade e da V\u00e1rzea Grande e a recupera\u00e7\u00e3o do C\u00f3rrego Man\u00e9 Pinto. Todas ainda sem solu\u00e7\u00e3o.<\/p>\n<p>N\u00e3o h\u00e1 por parte do governo uma determina\u00e7\u00e3o para por um fim nisso.<\/p>\n<p>J\u00e1 passou da horas de provid\u00eancias serem tomadas para o cancelamento dos contratos que n\u00e3o est\u00e3o sendo cumpridos. N\u00e3o podemos imaginar, sequer, que a causa de tanta condescend\u00eancia, seja por influ\u00eancia de um parlamentar federal , cujo pai \u00e9 um dos respons\u00e1veis por todas essas obras que se transformaram num verdadeiro descalabro.<\/p>\n<p>Para a obra da ZPE o governo j\u00e1 disponibilizou recursos de 16 milh\u00f5es de reais, e com a quase paralisa\u00e7\u00e3o da obra, corremos o risco de algo t\u00e3o importante transformar-se em mais um \u201celefante branco\u201d como o VLT e tantos outros.<\/p>\n<p>Melhora da qualidade de vida, gera\u00e7\u00e3o de empregos, instala\u00e7\u00e3o de industrias, transporte muito mais barato via navega\u00e7\u00e3o fluvial, aumento consider\u00e1vel do turismo e tantas outras conquistas sonhadas que colocariam Mato Grosso em um novo patamar, encontram-se represadas pela inefici\u00eancia de um governo em que Transforma\u00e7\u00e3o \u00e9 apenas uma palavra sem qualquer significado no seu slogan. Lament\u00e1vel.<\/p>\n<p><a href=\"https:\/\/olivre.com.br\/pedro-taques-e-a-zpe-de-caceres\/\">Leia mais<\/a><\/p>\n","protected":false},"excerpt":{"rendered":"<p><small> 3 minutos<\/small> A Zona de Processamento de Exporta\u00e7\u00e3o de C\u00e1ceres (ZPE) \u00e9 uma obra que s\u00f3 n\u00e3o \u00e9 mais sonhada e desejada pelos mato-grossenses porque a maioria da popula\u00e7\u00e3o n\u00e3o sabe como que ela ajudaria a transformar Mato Grosso na industrializa\u00e7\u00e3o dos seus produtos que n\u00e3o valem nada, uma vez que saem daqui \u201cin natura\u201d, sem sofrer qualquer agrega\u00e7\u00e3o de valores, por n\u00e3o termos uma ind\u00fastria de transforma\u00e7\u00e3o. Somos, sim, um Estado campe\u00e3o de exporta\u00e7\u00f5es. Mato Grosso \u00e9 l\u00edder na produ\u00e7\u00e3o de quatro commodities <a href=\"https:\/\/www.abrazpe.org.br\/index.php\/2018\/04\/23\/pedro-taques-e-a-zpe-de-caceres\/\" class=\"more-link\"><span>Continue lendo<\/span>\u2192<\/a><\/p>\n","protected":false},"author":4,"featured_media":132,"comment_status":"closed","ping_status":"open","sticky":false,"template":"","format":"standard","meta":{"footnotes":""},"categories":[7],"tags":[],"class_list":["entry","author-adm_hb2018","post-1579","post","type-post","status-publish","format-standard","has-post-thumbnail","category-noticias"],"_links":{"self":[{"href":"https:\/\/www.abrazpe.org.br\/index.php\/wp-json\/wp\/v2\/posts\/1579","targetHints":{"allow":["GET"]}}],"collection":[{"href":"https:\/\/www.abrazpe.org.br\/index.php\/wp-json\/wp\/v2\/posts"}],"about":[{"href":"https:\/\/www.abrazpe.org.br\/index.php\/wp-json\/wp\/v2\/types\/post"}],"author":[{"embeddable":true,"href":"https:\/\/www.abrazpe.org.br\/index.php\/wp-json\/wp\/v2\/users\/4"}],"replies":[{"embeddable":true,"href":"https:\/\/www.abrazpe.org.br\/index.php\/wp-json\/wp\/v2\/comments?post=1579"}],"version-history":[{"count":2,"href":"https:\/\/www.abrazpe.org.br\/index.php\/wp-json\/wp\/v2\/posts\/1579\/revisions"}],"predecessor-version":[{"id":1581,"href":"https:\/\/www.abrazpe.org.br\/index.php\/wp-json\/wp\/v2\/posts\/1579\/revisions\/1581"}],"wp:featuredmedia":[{"embeddable":true,"href":"https:\/\/www.abrazpe.org.br\/index.php\/wp-json\/wp\/v2\/media\/132"}],"wp:attachment":[{"href":"https:\/\/www.abrazpe.org.br\/index.php\/wp-json\/wp\/v2\/media?parent=1579"}],"wp:term":[{"taxonomy":"category","embeddable":true,"href":"https:\/\/www.abrazpe.org.br\/index.php\/wp-json\/wp\/v2\/categories?post=1579"},{"taxonomy":"post_tag","embeddable":true,"href":"https:\/\/www.abrazpe.org.br\/index.php\/wp-json\/wp\/v2\/tags?post=1579"}],"curies":[{"name":"wp","href":"https:\/\/api.w.org\/{rel}","templated":true}]}}