{"id":1666,"date":"2018-05-05T11:43:47","date_gmt":"2018-05-05T14:43:47","guid":{"rendered":"http:\/\/www.abrazpe.org.br\/?p=1666"},"modified":"2018-05-05T11:45:08","modified_gmt":"2018-05-05T14:45:08","slug":"mas-de-50-cambios-trae-el-nuevo-regimen-de-zonas-francas","status":"publish","type":"post","link":"https:\/\/www.abrazpe.org.br\/index.php\/2018\/05\/05\/mas-de-50-cambios-trae-el-nuevo-regimen-de-zonas-francas\/","title":{"rendered":"M\u00e1s de 50 cambios trae el nuevo r\u00e9gimen de zonas francas &#8211; Colombia"},"content":{"rendered":"<p class=\"estimated-read-time\">Tempo de leitura:<small> 3 minutos<\/small><\/p> <p>Un total de 52 modificaciones (siete corresponden al Decreto 2685 de 1999 y las otras 45 a la normativa 2147 de 2016) trae la resoluci\u00f3n 659 del 19 de abril de 2018 expedida por el Ministerio de Comercio, Industria y Turismo (Mincit) que cambia las disposiciones sustantivas, procedimentales y sancionatorias del r\u00e9gimen franco.<\/p>\n<p>El punto central del decreto, que est\u00e1 dividido en tres cap\u00edtulos, uno para la parte declaratoria, otro para los procedimientos aduaneros, r\u00e9gimen sancionatorio y obligaciones, y el \u00faltimo con temas de diligencias; est\u00e1 dirigido a aumentar la inversi\u00f3n extranjera en esos territorios geogr\u00e1ficos.<\/p>\n<p>De acuerdo con el Mincit, los cambios realizados dieron como resultado la simplificaci\u00f3n de siete tr\u00e1mites y eliminaci\u00f3n de otros tres. A juicio de\u00a0<em>Diego Rengifo Garc\u00eda<\/em>, abogado especializado en impuestos y vicepresidente t\u00e9cnico de la Asociaci\u00f3n Nacional de Comercio Exterior (Analdex), corrigen muchas de las interpretaciones y los vac\u00edos que hab\u00edan dejado las anteriores resoluciones en esta materia.<\/p>\n<p>Pero, \u00bfde qu\u00e9 se tratan los cambios? Las empresas que fabrican bienes en las zonas francas podr\u00e1n importar piezas de reemplazo y repuestos para utilizar.\u00a0\u201cEstos no podr\u00e1n superar el 25 % de los ingresos totales correspondientes a la actividad generadora de renta\u201d, apunta el texto legal.<\/p>\n<p>En segundo lugar, el cambio de usuario en alguna de las 111 zonas francas que hay en el pa\u00eds ya no necesitar\u00e1 esperar un mes entre la salida del antiguo usuario y la postulaci\u00f3n del nuevo. Adem\u00e1s, los usuarios ya no tendr\u00e1n que solicitar al Mincit la certificaci\u00f3n de que no tiene deudas sino que lo har\u00e1 exclusivamente ante la Direcci\u00f3n de Impuestos y Aduanas Nacionales (Dian).<\/p>\n<p>Otro cambio radica en que ahora no s\u00f3lo los usuarios industriales sino tambi\u00e9n los comerciales podr\u00e1n trasladar a la zona franca mercanc\u00edas procedentes del exterior que se encuentran en dep\u00f3sitos por vencimiento de t\u00e9rminos y presentar el Formulario de Movimiento de Mercanc\u00edas con datos provisionales cuando se env\u00eden productos al resto del mundo.<\/p>\n<p>En cuanto al plazo para el traslado de carga a granel o de grandes vol\u00famenes desde el lugar de arribo a una zona franca fue aumentado de 5 a 15 d\u00edas h\u00e1biles.<\/p>\n<p>Sobre el tema sancionatorio, Rengifo Garc\u00eda indic\u00f3 que la resoluci\u00f3n es bastante exigente y las sanciones alcanzan hasta 5 mil Unidades de Valor Tributario (UVT) o lo que es igual a 165.780.000 pesos. \u201cEstablece con mucha claridad \u00bfQui\u00e9n y c\u00f3mo act\u00faa? \u00bfCu\u00e1les son sus obligaciones? \u00bfCu\u00e1les son las consecuencias por los incumplimientos?\u201d, agreg\u00f3.<\/p>\n<p>En ese sentido, el abogado resalt\u00f3 que ese es un tema que preocupa a los usuarios, pues en algunos casos las penalidades son muy dr\u00e1sticas. \u201cLa Dian queda con unas amplias facultades de investigaci\u00f3n, fiscalizaci\u00f3n y control\u201d, destac\u00f3.<\/p>\n<p>En total fueron tres las formalidades que el Mincit elimin\u00f3 del r\u00e9gimen de zonas francas. El certificado de integraci\u00f3n que registraba la participaci\u00f3n de materia primas nacionales y extranjeras en los productos fabricados en la zona franca.<\/p>\n<p>De igual forma, los requisitos adicionales para el traslado total de la operaci\u00f3n de un usuario industrial o comercial de una zona franca permanente a otra de las mismas caracter\u00edsticas, as\u00ed como la autorizaci\u00f3n previa del Ministerio para descalificar usuarios de zonas francas en casos de disoluci\u00f3n de la empresa, liquidaci\u00f3n o solicitud voluntaria.<\/p>\n<p><em>\u00c9dgar Mart\u00ednez<\/em>, director de la C\u00e1mara de Zonas Francas de la Asociaci\u00f3n Nacional de Empresarios de Colombia (Andi), advirti\u00f3 que pese al gran avance que significa este decreto para el sector, alrededor del 50 % de los tr\u00e1mites que enmarca s\u00f3lo se podr\u00e1n llevar a cabo hasta dentro de 20 meses, pues dependen del desarrollo de los servicios electr\u00f3nicos por parte de la Dian.<\/p>\n<p>\u201cEl mensaje que le hemos dado a la Administraci\u00f3n Tributaria es que se revisen esos art\u00edculos para que entren en vigencia inmediata, porque se necesitan para facilitar las operaciones\u201d, concluy\u00f3.<\/p>\n<p><a href=\"http:\/\/www.analdex.org\/2018\/04\/30\/mas-de-50-cambios-trae-el-nuevo-regimen-de-zonas-francas\/\">Leia mais<\/a><\/p>\n","protected":false},"excerpt":{"rendered":"<p><small> 3 minutos<\/small> Un total de 52 modificaciones (siete corresponden al Decreto 2685 de 1999 y las otras 45 a la normativa 2147 de 2016) trae la resoluci\u00f3n 659 del 19 de abril de 2018 expedida por el Ministerio de Comercio, Industria y Turismo (Mincit) que cambia las disposiciones sustantivas, procedimentales y sancionatorias del r\u00e9gimen franco. El punto central del decreto, que est\u00e1 dividido en tres cap\u00edtulos, uno para la parte declaratoria, otro para los procedimientos aduaneros, r\u00e9gimen sancionatorio y obligaciones, y el \u00faltimo con <a href=\"https:\/\/www.abrazpe.org.br\/index.php\/2018\/05\/05\/mas-de-50-cambios-trae-el-nuevo-regimen-de-zonas-francas\/\" class=\"more-link\"><span>Continue lendo<\/span>\u2192<\/a><\/p>\n","protected":false},"author":4,"featured_media":1667,"comment_status":"closed","ping_status":"open","sticky":false,"template":"","format":"standard","meta":{"footnotes":""},"categories":[7],"tags":[],"class_list":["entry","author-adm_hb2018","post-1666","post","type-post","status-publish","format-standard","has-post-thumbnail","category-noticias"],"_links":{"self":[{"href":"https:\/\/www.abrazpe.org.br\/index.php\/wp-json\/wp\/v2\/posts\/1666","targetHints":{"allow":["GET"]}}],"collection":[{"href":"https:\/\/www.abrazpe.org.br\/index.php\/wp-json\/wp\/v2\/posts"}],"about":[{"href":"https:\/\/www.abrazpe.org.br\/index.php\/wp-json\/wp\/v2\/types\/post"}],"author":[{"embeddable":true,"href":"https:\/\/www.abrazpe.org.br\/index.php\/wp-json\/wp\/v2\/users\/4"}],"replies":[{"embeddable":true,"href":"https:\/\/www.abrazpe.org.br\/index.php\/wp-json\/wp\/v2\/comments?post=1666"}],"version-history":[{"count":2,"href":"https:\/\/www.abrazpe.org.br\/index.php\/wp-json\/wp\/v2\/posts\/1666\/revisions"}],"predecessor-version":[{"id":1669,"href":"https:\/\/www.abrazpe.org.br\/index.php\/wp-json\/wp\/v2\/posts\/1666\/revisions\/1669"}],"wp:featuredmedia":[{"embeddable":true,"href":"https:\/\/www.abrazpe.org.br\/index.php\/wp-json\/wp\/v2\/media\/1667"}],"wp:attachment":[{"href":"https:\/\/www.abrazpe.org.br\/index.php\/wp-json\/wp\/v2\/media?parent=1666"}],"wp:term":[{"taxonomy":"category","embeddable":true,"href":"https:\/\/www.abrazpe.org.br\/index.php\/wp-json\/wp\/v2\/categories?post=1666"},{"taxonomy":"post_tag","embeddable":true,"href":"https:\/\/www.abrazpe.org.br\/index.php\/wp-json\/wp\/v2\/tags?post=1666"}],"curies":[{"name":"wp","href":"https:\/\/api.w.org\/{rel}","templated":true}]}}