{"id":1687,"date":"2018-05-12T10:58:31","date_gmt":"2018-05-12T13:58:31","guid":{"rendered":"http:\/\/www.abrazpe.org.br\/?p=1687"},"modified":"2018-05-12T11:01:28","modified_gmt":"2018-05-12T14:01:28","slug":"setor-ii-da-zpe-de-pecem-deve-ser-concluido-em-12-meses","status":"publish","type":"post","link":"https:\/\/www.abrazpe.org.br\/index.php\/2018\/05\/12\/setor-ii-da-zpe-de-pecem-deve-ser-concluido-em-12-meses\/","title":{"rendered":"Setor II da ZPE de Pec\u00e9m deve ser conclu\u00eddo em 12 meses"},"content":{"rendered":"<p class=\"estimated-read-time\">Tempo de leitura:<small> 2 minutos<\/small><\/p> <p>As obras do Setor II da Zona de Processamento e Exporta\u00e7\u00e3o (ZPE) do Cear\u00e1 devem ser conclu\u00eddas ainda no primeiro semestre de 2019, segundo estimativa do presidente da entidade, M\u00e1rio Lima. Ele aponta que ser\u00e1 lan\u00e7ada no pr\u00f3ximo m\u00eas a licita\u00e7\u00e3o para a constru\u00e7\u00e3o da \u00c1rea de Despacho Aduaneiro (ADA) que atender\u00e1 a esse setor, que inclui a instala\u00e7\u00e3o de novas ind\u00fastrias das \u00e1reas de rochas ornamentais e pain\u00e9is solares, entre outras.<\/p>\n<p>Com o projeto j\u00e1 praticamente conclu\u00eddo, Lima estima que o valor da licita\u00e7\u00e3o para a constru\u00e7\u00e3o da \u00e1rea de controle das cargas fique em torno de R$ 25 milh\u00f5es. A expectativa \u00e9 que sejam conclu\u00eddos no prazo de 12 meses todo o processo de licita\u00e7\u00e3o e de execu\u00e7\u00e3o da \u00e1rea, bem como da constru\u00e7\u00e3o do gate administrativo, que inclui um bloco administrativo e operacional e outro das autoridades anuentes.<\/p>\n<p>A ZPE Cear\u00e1 publicou no Di\u00e1rio Oficial do Estado (DOE), na \u00faltima quarta-feira (9), um extrato de dispensa de licita\u00e7\u00e3o para a contrata\u00e7\u00e3o de uma empresa de engenharia para a elabora\u00e7\u00e3o de projeto de terraplanagem, pavimenta\u00e7\u00e3o, sinaliza\u00e7\u00e3o horizontal e vertical do gate administrativo do setor II. Foi contratada a construtora Silveira e Salles, com or\u00e7amento pr\u00f3prio da ZPE no valor de R$ 27,5 mil.<\/p>\n<p>Segundo M\u00e1rio Lima, a dispensa de licita\u00e7\u00e3o se justifica por estar de acordo com a Lei 8.666\/93, tratando-se de um projeto de engenharia com valor global no limite do que \u00e9 permitido pela legisla\u00e7\u00e3o para a dispensa. &#8220;Para se viabilizar a contrata\u00e7\u00e3o, basta apenas uma pesquisa de mercado. H\u00e1 um exame com os pre\u00e7os e a administra\u00e7\u00e3o escolhe a de menor valor que atende a todas as exig\u00eancias&#8221;, aponta.<\/p>\n<p>Al\u00e9m da ADA e do gate administrativo, o cercamento e a estrada de servi\u00e7o da \u00e1rea do parque industrial seguem com cerca de 65% de execu\u00e7\u00e3o e devem ser conclu\u00eddos at\u00e9 o fim do m\u00eas. A primeira fase da \u00e1rea industrial, que s\u00e3o os lotes \u00e0 margem, j\u00e1 est\u00e1 pronta. Ainda s\u00e3o necess\u00e1rias interven\u00e7\u00f5es para a constru\u00e7\u00e3o de vias internas e ilumina\u00e7\u00e3o que, segundo o presidente, ser\u00e3o executadas \u00e0 medida que as ind\u00fastrias sejam constru\u00eddas.<\/p>\n<p>O Setor II da ZPE Cear\u00e1 faz parte da amplia\u00e7\u00e3o do empreendimento e foi dividido nas \u00e1reas Sul (destinado para os setores cal\u00e7adistas, t\u00eaxtil, petroqu\u00edmico, metalmec\u00e2nico, agroindustrial, al\u00e9m de granito e alimentos) e Norte (reservado para a refinaria de petr\u00f3leo). O valor total empenhado pelo Estado para a infraestrutura do setor da ZPE Cear\u00e1 passa ser\u00e1 de cerca de R$ 35,2 milh\u00f5es.<\/p>\n<p>No m\u00eas passado, o contrato para a constru\u00e7\u00e3o da cerca e via de acesso no Setor II recebeu um aditivo de 24,38%, passando dos R$ 837 mil inicialmente or\u00e7ados para R$ 1,04 milh\u00e3o. De acordo com o presidente M\u00e1rio Lima, o complemento financeiro foi necess\u00e1rio ap\u00f3s a Receita Federal solicitar que o muro constru\u00eddo fosse mais alto do que estava sendo executado e pela necessidade de realizar drenagens no terreno.<\/p>\n<p><a href=\"http:\/\/diariodonordeste.verdesmares.com.br\/cadernos\/negocios\/setor-ii-da-zpe-deve-ser-concluido-em-12-meses-1.1937588\">Leia mais<\/a><\/p>\n","protected":false},"excerpt":{"rendered":"<p><small> 2 minutos<\/small> As obras do Setor II da Zona de Processamento e Exporta\u00e7\u00e3o (ZPE) do Cear\u00e1 devem ser conclu\u00eddas ainda no primeiro semestre de 2019, segundo estimativa do presidente da entidade, M\u00e1rio Lima. Ele aponta que ser\u00e1 lan\u00e7ada no pr\u00f3ximo m\u00eas a licita\u00e7\u00e3o para a constru\u00e7\u00e3o da \u00c1rea de Despacho Aduaneiro (ADA) que atender\u00e1 a esse setor, que inclui a instala\u00e7\u00e3o de novas ind\u00fastrias das \u00e1reas de rochas ornamentais e pain\u00e9is solares, entre outras. Com o projeto j\u00e1 praticamente conclu\u00eddo, Lima estima que o <a href=\"https:\/\/www.abrazpe.org.br\/index.php\/2018\/05\/12\/setor-ii-da-zpe-de-pecem-deve-ser-concluido-em-12-meses\/\" class=\"more-link\"><span>Continue lendo<\/span>\u2192<\/a><\/p>\n","protected":false},"author":4,"featured_media":1691,"comment_status":"closed","ping_status":"open","sticky":false,"template":"","format":"standard","meta":{"footnotes":""},"categories":[7],"tags":[],"class_list":["entry","author-adm_hb2018","post-1687","post","type-post","status-publish","format-standard","has-post-thumbnail","category-noticias"],"_links":{"self":[{"href":"https:\/\/www.abrazpe.org.br\/index.php\/wp-json\/wp\/v2\/posts\/1687","targetHints":{"allow":["GET"]}}],"collection":[{"href":"https:\/\/www.abrazpe.org.br\/index.php\/wp-json\/wp\/v2\/posts"}],"about":[{"href":"https:\/\/www.abrazpe.org.br\/index.php\/wp-json\/wp\/v2\/types\/post"}],"author":[{"embeddable":true,"href":"https:\/\/www.abrazpe.org.br\/index.php\/wp-json\/wp\/v2\/users\/4"}],"replies":[{"embeddable":true,"href":"https:\/\/www.abrazpe.org.br\/index.php\/wp-json\/wp\/v2\/comments?post=1687"}],"version-history":[{"count":1,"href":"https:\/\/www.abrazpe.org.br\/index.php\/wp-json\/wp\/v2\/posts\/1687\/revisions"}],"predecessor-version":[{"id":1688,"href":"https:\/\/www.abrazpe.org.br\/index.php\/wp-json\/wp\/v2\/posts\/1687\/revisions\/1688"}],"wp:featuredmedia":[{"embeddable":true,"href":"https:\/\/www.abrazpe.org.br\/index.php\/wp-json\/wp\/v2\/media\/1691"}],"wp:attachment":[{"href":"https:\/\/www.abrazpe.org.br\/index.php\/wp-json\/wp\/v2\/media?parent=1687"}],"wp:term":[{"taxonomy":"category","embeddable":true,"href":"https:\/\/www.abrazpe.org.br\/index.php\/wp-json\/wp\/v2\/categories?post=1687"},{"taxonomy":"post_tag","embeddable":true,"href":"https:\/\/www.abrazpe.org.br\/index.php\/wp-json\/wp\/v2\/tags?post=1687"}],"curies":[{"name":"wp","href":"https:\/\/api.w.org\/{rel}","templated":true}]}}