{"id":1814,"date":"2018-05-27T21:37:29","date_gmt":"2018-05-28T00:37:29","guid":{"rendered":"http:\/\/www.abrazpe.org.br\/?p=1814"},"modified":"2018-05-27T21:38:45","modified_gmt":"2018-05-28T00:38:45","slug":"zpedo-acre-problemas-na-legislacao-ma-gestao-e-abandono","status":"publish","type":"post","link":"https:\/\/www.abrazpe.org.br\/index.php\/2018\/05\/27\/zpedo-acre-problemas-na-legislacao-ma-gestao-e-abandono\/","title":{"rendered":"ZPE do Acre: problemas na legisla\u00e7\u00e3o, m\u00e1 gest\u00e3o e abandono"},"content":{"rendered":"<p class=\"estimated-read-time\">Tempo de leitura:<small> 1 minuto<\/small><\/p> <p>A Zona de Processmanto de Exporta\u00e7\u00e3o, constru\u00edda em Senador Guiomard, ajudou a incentivar o discurso de que o Acre seria um grande exportador. Chegar aos portos peruanos e atravessar o Oceano Pac\u00edfico para conquistar os mercados asi\u00e1ticos era uma hist\u00f3ria frequente contada pelo Governo do Estado do Acre. Mas, essa vers\u00e3o est\u00e1 mais dif\u00edcil de ser contada ou que algu\u00e9m acredite nela.<\/p>\n<p>A ZPE do Acre foi a primeira do pa\u00eds a receber a autoriza\u00e7\u00e3o alfandeg\u00e1ria para funcionar. A ideia era processar produtos a partir da mat\u00e9ria prima local como madeira, castanha, frutas e peixe. Atualmente, a ZPE \u00e9 apenas a imagem de um projeto falido.<\/p>\n<p>A estrutura f\u00edsica levantada em 2012 aos poucos est\u00e1 sendo destru\u00edda pela a\u00e7\u00e3o do tempo. O maior galp\u00e3o foi destru\u00eddo por um vendaval no ano de 2015, s\u00f3 sobrou o piso. A ZPE nunca funcionou. Nenhuma ind\u00fastria se instalou. O governo ainda chegou a divulgar que 4 projetos estavam prontos para usar a estrutura da zona de processamento.<\/p>\n<p>A secret\u00e1ria executiva do Minist\u00e9rio da Agricultura, Yana Sobral, em visita a Rio Branco na semana passada, disse que as ZPE\u2019s est\u00e3o enfrentando s\u00e9rios problemas por causa da legisla\u00e7\u00e3o. \u201cDo que for produzido na ZPE, 80% devem ser exportados. O com\u00e9rcio local s\u00f3 pode absorver 20%. Isso tornou invi\u00e1vel para algumas empresas que ainda enfrentam a burocracia das alf\u00e2ndegas nas \u00e1reas de fronteira de Peru e Bol\u00edvia\u201d, explicou.<\/p>\n<p>Existe um projeto em tramita\u00e7\u00e3o no Congresso Nacional para reduzir de 80% para 60% o percentual de exporta\u00e7\u00e3o. S\u00f3 assim as empresas n\u00e3o correriam riscos de perder produtos que n\u00e3o conseguissem vender para outros pa\u00edses, declarou a secret\u00e1ria.<\/p>\n<p>A zona de processamento em Senador Guiomard tinha a pretens\u00e3o de criar 2,5 mil empregos e reduzir a desigualdade regional. Serviu apenas para mostrar e exemplificar o que \u00e9 uma m\u00e1 gest\u00e3o.<\/p>\n<p><a href=\"https:\/\/www.oaltoacre.com\/zpe-problemas-na-legislacao-ma-gestao-e-abandono\/\">Leia mais<\/a><\/p>\n","protected":false},"excerpt":{"rendered":"<p><small> 1 minuto<\/small> A Zona de Processmanto de Exporta\u00e7\u00e3o, constru\u00edda em Senador Guiomard, ajudou a incentivar o discurso de que o Acre seria um grande exportador. Chegar aos portos peruanos e atravessar o Oceano Pac\u00edfico para conquistar os mercados asi\u00e1ticos era uma hist\u00f3ria frequente contada pelo Governo do Estado do Acre. Mas, essa vers\u00e3o est\u00e1 mais dif\u00edcil de ser contada ou que algu\u00e9m acredite nela. A ZPE do Acre foi a primeira do pa\u00eds a receber a autoriza\u00e7\u00e3o alfandeg\u00e1ria para funcionar. A ideia era processar <a href=\"https:\/\/www.abrazpe.org.br\/index.php\/2018\/05\/27\/zpedo-acre-problemas-na-legislacao-ma-gestao-e-abandono\/\" class=\"more-link\"><span>Continue lendo<\/span>\u2192<\/a><\/p>\n","protected":false},"author":4,"featured_media":1815,"comment_status":"closed","ping_status":"open","sticky":false,"template":"","format":"standard","meta":{"footnotes":""},"categories":[7],"tags":[],"class_list":["entry","author-adm_hb2018","post-1814","post","type-post","status-publish","format-standard","has-post-thumbnail","category-noticias"],"_links":{"self":[{"href":"https:\/\/www.abrazpe.org.br\/index.php\/wp-json\/wp\/v2\/posts\/1814","targetHints":{"allow":["GET"]}}],"collection":[{"href":"https:\/\/www.abrazpe.org.br\/index.php\/wp-json\/wp\/v2\/posts"}],"about":[{"href":"https:\/\/www.abrazpe.org.br\/index.php\/wp-json\/wp\/v2\/types\/post"}],"author":[{"embeddable":true,"href":"https:\/\/www.abrazpe.org.br\/index.php\/wp-json\/wp\/v2\/users\/4"}],"replies":[{"embeddable":true,"href":"https:\/\/www.abrazpe.org.br\/index.php\/wp-json\/wp\/v2\/comments?post=1814"}],"version-history":[{"count":3,"href":"https:\/\/www.abrazpe.org.br\/index.php\/wp-json\/wp\/v2\/posts\/1814\/revisions"}],"predecessor-version":[{"id":1818,"href":"https:\/\/www.abrazpe.org.br\/index.php\/wp-json\/wp\/v2\/posts\/1814\/revisions\/1818"}],"wp:featuredmedia":[{"embeddable":true,"href":"https:\/\/www.abrazpe.org.br\/index.php\/wp-json\/wp\/v2\/media\/1815"}],"wp:attachment":[{"href":"https:\/\/www.abrazpe.org.br\/index.php\/wp-json\/wp\/v2\/media?parent=1814"}],"wp:term":[{"taxonomy":"category","embeddable":true,"href":"https:\/\/www.abrazpe.org.br\/index.php\/wp-json\/wp\/v2\/categories?post=1814"},{"taxonomy":"post_tag","embeddable":true,"href":"https:\/\/www.abrazpe.org.br\/index.php\/wp-json\/wp\/v2\/tags?post=1814"}],"curies":[{"name":"wp","href":"https:\/\/api.w.org\/{rel}","templated":true}]}}