{"id":2036,"date":"2018-07-11T01:51:03","date_gmt":"2018-07-11T04:51:03","guid":{"rendered":"http:\/\/www.abrazpe.org.br\/?p=2036"},"modified":"2018-07-11T01:51:03","modified_gmt":"2018-07-11T04:51:03","slug":"gutierrez-candiani-confia-en-que-proximo-gobierno-potencialice-a-las-zonas-economicas-especiales","status":"publish","type":"post","link":"https:\/\/www.abrazpe.org.br\/index.php\/2018\/07\/11\/gutierrez-candiani-confia-en-que-proximo-gobierno-potencialice-a-las-zonas-economicas-especiales\/","title":{"rendered":"Guti\u00e9rrez Candiani conf\u00eda en que pr\u00f3ximo gobierno potencialice a las zonas econ\u00f3micas especiales"},"content":{"rendered":"<p class=\"estimated-read-time\">Tempo de leitura:<small> 4 minutos<\/small><\/p> <p>Guti\u00e9rrez Candiani dijo que se esperar\u00e1 a que las autoridades correspondientes declaren presidente electo a L\u00f3pez Obrador y que se designe al equipo de transici\u00f3n para buscar un acercamiento con la pr\u00f3xima administraci\u00f3n, a fin de mostrarles los avances y retos de las ZEE.<b><\/b>Las Zonas Econ\u00f3micas Especiales (ZEE) son un proyecto que \u201cno solamente va a subsistir, sino que, incluso, se puede potencializar\u201d en el pr\u00f3ximo gobierno que encabezar\u00e1 Andr\u00e9s Manuel L\u00f3pez Obrador, asegur\u00f3 Gerardo Guti\u00e9rrez Candiani.<\/p>\n<p>El titular de la Autoridad Federal para el Desarrollo de las Zonas Econ\u00f3micas Especiales (AFDZEE) confi\u00f3, por ello, que la posible revisi\u00f3n de las reformas estructurales, en particular de la energ\u00e9tica (de la cual se beneficiar\u00edan las zonas), no afectar\u00e1 el desarrollo del proyecto, toda vez que hay grandes coincidencias con el pr\u00f3ximo gobierno.<\/p>\n<p>Entre estas concurrencias est\u00e1 el impulso a la regi\u00f3n del sur-sureste del pa\u00eds, que su desarrollo debe ir apalancado de la inversi\u00f3n y la generaci\u00f3n de empleos; adem\u00e1s, hay proyectos estrat\u00e9gicos como el Corredor Trans\u00edstmico que incluye la modernizaci\u00f3n tanto del ferrocarril como de los puertos de Salina Cruz y Coatzacoalcos; la creaci\u00f3n de peque\u00f1as y medianas empresas, el impulso de las econom\u00edas locales.<\/p>\n<p>\u201cTenemos grandes visiones que se comparten y yo creo que por eso las Zonas Econ\u00f3micas son un proyecto que no solamente va a subsistir, sino que se puede incluso potencializar\u201d, argument\u00f3 el funcionario en entrevista con Notimex, en la que adelant\u00f3 que se buscar\u00e1 mejorar el proyecto.<\/p>\n<p>Existe la posibilidad de tener una zona en los estados de Puebla e Hidalgo; tambi\u00e9n se plantear\u00e1 que no s\u00f3lo participe el sector industrial, sino que se integre el sector tur\u00edstico, sobre todo en los tres estados m\u00e1s pobres.<\/p>\n<p>\u201cHay muchas cosas que se pueden incluir que quedaron fuera, como es la parte de refinaci\u00f3n, ese tipo de cosas, lo vamos a ir platicando nosotros con el equipo de transici\u00f3n que nos asignen y ya ellos, en la visi\u00f3n que tengan, incluir\u00e1n y perfeccionar\u00e1n el proyecto de la Zonas\u201d, confi\u00f3.<\/p>\n<p>Guti\u00e9rrez Candiani dijo que se esperar\u00e1 a que las autoridades correspondientes declaren presidente electo a L\u00f3pez Obrador y que se designe al equipo de transici\u00f3n para buscar un acercamiento con la pr\u00f3xima administraci\u00f3n, a fin de mostrarles los avances y retos de las ZEE.<\/p>\n<p>\u201cEs un proyecto muy social, que est\u00e1 anclado en abatir los niveles de pobreza, en generar los niveles de inversi\u00f3n y empleo bien anclados, invertirle en capital humano, en generar oportunidades y que esto se traduzca en una mejor vida para todos. Es un proyecto muy social que lo han abrazado todos los sectores de la sociedad y los tres \u00f3rdenes de gobierno. En ese sentido, estoy muy tranquilo\u201d, afirm\u00f3.<\/p>\n<p>Luego rechazar que el cambio de administraci\u00f3n federal retrasar\u00e1 los procesos de las Zonas, previ\u00f3 que para agosto o septiembre pr\u00f3ximos ya se tendr\u00e1n las primeras autorizaciones para las empresas ancla, las cuales podr\u00e1n iniciar inversiones de inmediato.\u00a0Esto luego de que hace unos d\u00edas se publicaron los Lineamientos para el Otorgamiento de Permisos, Asignaciones y Autorizaciones en Materia de Zonas Econ\u00f3micas Especiales, en el Diario Oficial de la Federaci\u00f3n.<\/p>\n<p>Destac\u00f3 que ya trabaja con los equipos de cinco empresas (de un universo de 13) que tienen posibilidad de cumplir con los requisitos y \u201cestamos considerando que nos llevar\u00e1 60 d\u00edas tener los expedientes ya terminados, entonces para el mes de agosto o septiembre a m\u00e1s tardar, vamos a poder hacer los primeros anuncios de las empresas ancla en las zonas\u201d.<\/p>\n<p>Guti\u00e9rrez Candiani dijo que despu\u00e9s, con el equipo de transici\u00f3n, se comenzar\u00e1n los procesos de licitaci\u00f3n para los administradores integrales de las ZEE.\u00a0\u201cLo que nosotros queremos es que antes de fin de a\u00f1o y antes de que termine el sexenio poder tener una empresa ancla en cada zona; ese ser\u00eda el objetivo id\u00f3neo y poder tener ya los procesos de licitaci\u00f3n con la posibilidad de que alguna zona ya tenga un administrador integral\u201d, precis\u00f3.<\/p>\n<p>Las empresas ancla deben cumplir con un m\u00ednimo de inversi\u00f3n de 90 millones de d\u00f3lares y la generaci\u00f3n de 800 empleos, desarrollar proveedur\u00eda local, generar inversi\u00f3n en desarrollo tecnol\u00f3gico y capital humano y destinar 10 por ciento de las compras a la localidad de la Zona o del estado, entre otros.\u00a0\u201cLo que estamos ahora manejando son cerca de mil 500 millones de d\u00f3lares de las cinco empresas, m\u00e1s o menos\u201d, refiri\u00f3.<\/p>\n<p>Para lograr el \u00e9xito de las ZEE se debe cuidar c\u00f3mo se cohabita en tener ZEE en el sur-sureste del pa\u00eds y las zonas francas en el norte, que sean complementarias y que no compitan, para que alcancen el polo de desarrollo y un motor de crecimiento del pa\u00eds, a\u00f1adi\u00f3 el funcionario.<\/p>\n<p><a href=\"https:\/\/www.eleconomista.com.mx\/empresas\/Gutierrez-Candiani-confia-en-que-proximo-gobierno-potencialice-a-las-Zonas-Economicas-Especiales--20180708-0015.html\">Leia mais<\/a><\/p>\n<p>&nbsp;<\/p>\n","protected":false},"excerpt":{"rendered":"<p><small> 4 minutos<\/small> Guti\u00e9rrez Candiani dijo que se esperar\u00e1 a que las autoridades correspondientes declaren presidente electo a L\u00f3pez Obrador y que se designe al equipo de transici\u00f3n para buscar un acercamiento con la pr\u00f3xima administraci\u00f3n, a fin de mostrarles los avances y retos de las ZEE.Las Zonas Econ\u00f3micas Especiales (ZEE) son un proyecto que \u201cno solamente va a subsistir, sino que, incluso, se puede potencializar\u201d en el pr\u00f3ximo gobierno que encabezar\u00e1 Andr\u00e9s Manuel L\u00f3pez Obrador, asegur\u00f3 Gerardo Guti\u00e9rrez Candiani. El titular de la Autoridad <a href=\"https:\/\/www.abrazpe.org.br\/index.php\/2018\/07\/11\/gutierrez-candiani-confia-en-que-proximo-gobierno-potencialice-a-las-zonas-economicas-especiales\/\" class=\"more-link\"><span>Continue lendo<\/span>\u2192<\/a><\/p>\n","protected":false},"author":4,"featured_media":2006,"comment_status":"closed","ping_status":"open","sticky":false,"template":"","format":"standard","meta":{"footnotes":""},"categories":[7],"tags":[],"class_list":["entry","author-adm_hb2018","post-2036","post","type-post","status-publish","format-standard","has-post-thumbnail","category-noticias"],"_links":{"self":[{"href":"https:\/\/www.abrazpe.org.br\/index.php\/wp-json\/wp\/v2\/posts\/2036","targetHints":{"allow":["GET"]}}],"collection":[{"href":"https:\/\/www.abrazpe.org.br\/index.php\/wp-json\/wp\/v2\/posts"}],"about":[{"href":"https:\/\/www.abrazpe.org.br\/index.php\/wp-json\/wp\/v2\/types\/post"}],"author":[{"embeddable":true,"href":"https:\/\/www.abrazpe.org.br\/index.php\/wp-json\/wp\/v2\/users\/4"}],"replies":[{"embeddable":true,"href":"https:\/\/www.abrazpe.org.br\/index.php\/wp-json\/wp\/v2\/comments?post=2036"}],"version-history":[{"count":1,"href":"https:\/\/www.abrazpe.org.br\/index.php\/wp-json\/wp\/v2\/posts\/2036\/revisions"}],"predecessor-version":[{"id":2037,"href":"https:\/\/www.abrazpe.org.br\/index.php\/wp-json\/wp\/v2\/posts\/2036\/revisions\/2037"}],"wp:featuredmedia":[{"embeddable":true,"href":"https:\/\/www.abrazpe.org.br\/index.php\/wp-json\/wp\/v2\/media\/2006"}],"wp:attachment":[{"href":"https:\/\/www.abrazpe.org.br\/index.php\/wp-json\/wp\/v2\/media?parent=2036"}],"wp:term":[{"taxonomy":"category","embeddable":true,"href":"https:\/\/www.abrazpe.org.br\/index.php\/wp-json\/wp\/v2\/categories?post=2036"},{"taxonomy":"post_tag","embeddable":true,"href":"https:\/\/www.abrazpe.org.br\/index.php\/wp-json\/wp\/v2\/tags?post=2036"}],"curies":[{"name":"wp","href":"https:\/\/api.w.org\/{rel}","templated":true}]}}