{"id":2192,"date":"2018-08-16T13:13:58","date_gmt":"2018-08-16T16:13:58","guid":{"rendered":"http:\/\/www.abrazpe.org.br\/?p=2192"},"modified":"2018-08-16T13:15:41","modified_gmt":"2018-08-16T16:15:41","slug":"prefeitura-estuda-inicio-das-obras-da-zona-de-processamento-e-exportacao-zpe","status":"publish","type":"post","link":"https:\/\/www.abrazpe.org.br\/index.php\/2018\/08\/16\/prefeitura-estuda-inicio-das-obras-da-zona-de-processamento-e-exportacao-zpe\/","title":{"rendered":"Prefeitura de Uberaba estuda in\u00edcio das obras da Zona de Processamento e Exporta\u00e7\u00e3o \u2013 ZPE"},"content":{"rendered":"<p class=\"estimated-read-time\">Tempo de leitura:<small> 2 minutos<\/small><\/p> <p>Dando continuidade \u00e0s a\u00e7\u00f5es de planejamento e visando a atra\u00e7\u00e3o dos futuros investidores, o prefeito Paulo Piau visitou a \u00e1rea onde ser\u00e1 instalada a Zona de Processamento e Exporta\u00e7\u00e3o \u2013 ZPE de Uberaba, ao lado da Stanley \u2013 Black &amp; Decker. Acompanhado dos secret\u00e1rios Jos\u00e9 Renato Gomes(Desenvolvimento Econ\u00f4mico e Turismo), Nagib Facury (Planejamento e Gest\u00e3o Urbana), e Marlus Salom\u00e3o (Servi\u00e7os Urbanos), a visita serviu para verificar in loco a \u00e1rea onde deve se iniciar em breve as obras de infraestrutura, que incluem entrada e vias de acesso.<\/p>\n<p style=\"font-style: inherit; font-weight: inherit;\" data-track-category=\"Link no Texto\" data-track-links=\"\">Paulo Piau explica que h\u00e1 obriga\u00e7\u00f5es de prazos com este projeto e o primeiro passo \u00e9 a Prefeitura iniciar a infraestrutura. S\u00e3o 280 hectares, e no local foram verificados como ser\u00e3o as quest\u00f5es de acesso, p\u00f3rtico e detalhes de infraestrutura.<\/p>\n<p>O secret\u00e1rio Jos\u00e9 Renato Gomes destaca que o reconhecimento da \u00e1rea e identifica\u00e7\u00e3o das necessidades foi estrat\u00e9gico para o planejamento. Ele explica que ser\u00e1 preciso fazer as vias de acesso ao terreno portaria, e dar in\u00edcio para que a ZPE fique realmente pronta para receber investimentos. \u201cAs visitas do prefeito \u00e0 R\u00fassia e China mostraram a necessidade de termos uma ZPE pronta para in\u00edcio de opera\u00e7\u00e3o. Estivemos em Dubai exatamente em um semin\u00e1rio sobre Zonas Livres, e a gente v\u00ea que o mundo inteiro fala esta linguagem. Uberaba tem isso e j\u00e1 fez o trabalho de regulariza\u00e7\u00e3o e desmembramento da \u00e1rea, que est\u00e1 pronta para iniciar constru\u00e7\u00e3o\u201d, completa.<\/p>\n<p style=\"font-style: inherit; font-weight: inherit;\" data-track-category=\"Link no Texto\" data-track-links=\"\">Os estudos para in\u00edcio das obras s\u00e3o desdobramento de a\u00e7\u00f5es que j\u00e1 vem sendo realizadas pela Prefeitura para implantar a ZPE. Segundo o assessor estrat\u00e9gico de Assuntos Regionais e coordenador executivo da ZPE, Glauber Faquineli, em fun\u00e7\u00e3o das viagens externas realizadas pela Prefeitura o prefeito Paulo Piau identificou, junto \u00e0 equipe, o interesse internacional para a implanta\u00e7\u00e3o de empresas na ZPE.<\/p>\n<p style=\"font-style: inherit; font-weight: inherit;\" data-track-category=\"Link no Texto\" data-track-links=\"\">Faquineli destaca que a ZPE \u00e9 um projeto importante em fun\u00e7\u00e3o do que pode gerar de emprego e renda para o munic\u00edpio. As ZPEs caracterizam-se como \u00e1reas destinadas \u00e0 instala\u00e7\u00e3o de empresas voltadas \u00e0 produ\u00e7\u00e3o de bens a serem comercializados no exterior. Nelas, as empresas se beneficiam de incentivos fiscais, como a isen\u00e7\u00e3o de II, IPI, PIS\/Cofins, Adicional ao Frete para a Renova\u00e7\u00e3o da Marinha Mercante e ICMS.<\/p>\n<p data-track-category=\"Link no Texto\" data-track-links=\"\"><a href=\"https:\/\/g1.globo.com\/mg\/triangulo-mineiro\/especial-publicitario\/prefeitura-de-uberaba\/noticias-de-uberaba\/noticia\/2018\/08\/15\/prefeitura-estuda-inicio-das-obras-da-zona-de-processamento-e-exportacao-zpe.ghtml\">Leia mais<\/a><\/p>\n","protected":false},"excerpt":{"rendered":"<p><small> 2 minutos<\/small> Dando continuidade \u00e0s a\u00e7\u00f5es de planejamento e visando a atra\u00e7\u00e3o dos futuros investidores, o prefeito Paulo Piau visitou a \u00e1rea onde ser\u00e1 instalada a Zona de Processamento e Exporta\u00e7\u00e3o \u2013 ZPE de Uberaba, ao lado da Stanley \u2013 Black &amp; Decker. Acompanhado dos secret\u00e1rios Jos\u00e9 Renato Gomes(Desenvolvimento Econ\u00f4mico e Turismo), Nagib Facury (Planejamento e Gest\u00e3o Urbana), e Marlus Salom\u00e3o (Servi\u00e7os Urbanos), a visita serviu para verificar in loco a \u00e1rea onde deve se iniciar em breve as obras de infraestrutura, que incluem <a href=\"https:\/\/www.abrazpe.org.br\/index.php\/2018\/08\/16\/prefeitura-estuda-inicio-das-obras-da-zona-de-processamento-e-exportacao-zpe\/\" class=\"more-link\"><span>Continue lendo<\/span>\u2192<\/a><\/p>\n","protected":false},"author":4,"featured_media":2006,"comment_status":"closed","ping_status":"open","sticky":false,"template":"","format":"standard","meta":{"footnotes":""},"categories":[7],"tags":[],"class_list":["entry","author-adm_hb2018","post-2192","post","type-post","status-publish","format-standard","has-post-thumbnail","category-noticias"],"_links":{"self":[{"href":"https:\/\/www.abrazpe.org.br\/index.php\/wp-json\/wp\/v2\/posts\/2192","targetHints":{"allow":["GET"]}}],"collection":[{"href":"https:\/\/www.abrazpe.org.br\/index.php\/wp-json\/wp\/v2\/posts"}],"about":[{"href":"https:\/\/www.abrazpe.org.br\/index.php\/wp-json\/wp\/v2\/types\/post"}],"author":[{"embeddable":true,"href":"https:\/\/www.abrazpe.org.br\/index.php\/wp-json\/wp\/v2\/users\/4"}],"replies":[{"embeddable":true,"href":"https:\/\/www.abrazpe.org.br\/index.php\/wp-json\/wp\/v2\/comments?post=2192"}],"version-history":[{"count":2,"href":"https:\/\/www.abrazpe.org.br\/index.php\/wp-json\/wp\/v2\/posts\/2192\/revisions"}],"predecessor-version":[{"id":2194,"href":"https:\/\/www.abrazpe.org.br\/index.php\/wp-json\/wp\/v2\/posts\/2192\/revisions\/2194"}],"wp:featuredmedia":[{"embeddable":true,"href":"https:\/\/www.abrazpe.org.br\/index.php\/wp-json\/wp\/v2\/media\/2006"}],"wp:attachment":[{"href":"https:\/\/www.abrazpe.org.br\/index.php\/wp-json\/wp\/v2\/media?parent=2192"}],"wp:term":[{"taxonomy":"category","embeddable":true,"href":"https:\/\/www.abrazpe.org.br\/index.php\/wp-json\/wp\/v2\/categories?post=2192"},{"taxonomy":"post_tag","embeddable":true,"href":"https:\/\/www.abrazpe.org.br\/index.php\/wp-json\/wp\/v2\/tags?post=2192"}],"curies":[{"name":"wp","href":"https:\/\/api.w.org\/{rel}","templated":true}]}}