{"id":2609,"date":"2018-12-22T21:15:03","date_gmt":"2018-12-23T00:15:03","guid":{"rendered":"http:\/\/www.abrazpe.org.br\/?p=2609"},"modified":"2018-12-22T21:15:12","modified_gmt":"2018-12-23T00:15:12","slug":"modelo-juridico-para-cessao-de-terrenos-na-zpe-de-pecem-ja-pronto","status":"publish","type":"post","link":"https:\/\/www.abrazpe.org.br\/index.php\/2018\/12\/22\/modelo-juridico-para-cessao-de-terrenos-na-zpe-de-pecem-ja-pronto\/","title":{"rendered":"Modelo jur\u00eddico para cess\u00e3o de terrenos na ZPE de Pec\u00e9m j\u00e1 pronto"},"content":{"rendered":"<p class=\"estimated-read-time\">Tempo de leitura:<small> menos de 1 minuto<\/small><\/p> \n<p>O modelo jur\u00eddico para a instala\u00e7\u00e3o de empresas de granito na ZPE Cear\u00e1 finalmente foi conclu\u00eddo. Com a parceria com o Porto de Roterd\u00e3, as empresas interessadas em se instalar na \u00e1rea tiveram que esperar a solu\u00e7\u00e3o de um processo, que determinar\u00e1 a forma de contrato para a instala\u00e7\u00e3o das empresas.<\/p>\n\n\n\n<p>O secret\u00e1rio do Desenvolvimento Econ\u00f4mico, C\u00e9sar Ribeiro, afirma que ser\u00e1 feita uma cess\u00e3o onerosa. Ou seja: deve ser transferida a posse do terreno para as companhias, que abrigar\u00e3o uma esp\u00e9cie de condom\u00ednio na ZPE.Com a formata\u00e7\u00e3o dos contratos pronta e o modelo jur\u00eddico aprovado, ficar\u00e1 mais f\u00e1cil deslanchar os projetos. <\/p>\n\n\n\n<p>Em 2016, vinte empresas de granito assinaram protocolo de inten\u00e7\u00e3o com o governo do Estado para se instalar na ZPE; algumas dessas companhias j\u00e1 abriram unidades no Interior, mas continuam interessadas na Zona de Processamento de Exporta\u00e7\u00e3o.<\/p>\n\n\n\n<p><a href=\"https:\/\/www.opovo.com.br\/jornal\/colunas\/neilafontenele\/2018\/12\/modelo-juridico-para-cessao-de-terrenos-na-zpe-ja-pronto.html\">Leia mais<\/a><\/p>\n\n\n","protected":false},"excerpt":{"rendered":"<p><small> menos de 1 minuto<\/small> O modelo jur\u00eddico para a instala\u00e7\u00e3o de empresas de granito na ZPE Cear\u00e1 finalmente foi conclu\u00eddo. Com a parceria com o Porto de Roterd\u00e3, as empresas interessadas em se instalar na \u00e1rea tiveram que esperar a solu\u00e7\u00e3o de um processo, que determinar\u00e1 a forma de contrato para a instala\u00e7\u00e3o das empresas. O secret\u00e1rio do Desenvolvimento Econ\u00f4mico, C\u00e9sar Ribeiro, afirma que ser\u00e1 feita uma cess\u00e3o onerosa. Ou seja: deve ser transferida a posse do terreno para as companhias, que abrigar\u00e3o uma <a href=\"https:\/\/www.abrazpe.org.br\/index.php\/2018\/12\/22\/modelo-juridico-para-cessao-de-terrenos-na-zpe-de-pecem-ja-pronto\/\" class=\"more-link\"><span>Continue lendo<\/span>\u2192<\/a><\/p>\n","protected":false},"author":4,"featured_media":2275,"comment_status":"closed","ping_status":"open","sticky":false,"template":"","format":"standard","meta":{"footnotes":""},"categories":[7],"tags":[],"class_list":["entry","author-adm_hb2018","post-2609","post","type-post","status-publish","format-standard","has-post-thumbnail","category-noticias"],"_links":{"self":[{"href":"https:\/\/www.abrazpe.org.br\/index.php\/wp-json\/wp\/v2\/posts\/2609","targetHints":{"allow":["GET"]}}],"collection":[{"href":"https:\/\/www.abrazpe.org.br\/index.php\/wp-json\/wp\/v2\/posts"}],"about":[{"href":"https:\/\/www.abrazpe.org.br\/index.php\/wp-json\/wp\/v2\/types\/post"}],"author":[{"embeddable":true,"href":"https:\/\/www.abrazpe.org.br\/index.php\/wp-json\/wp\/v2\/users\/4"}],"replies":[{"embeddable":true,"href":"https:\/\/www.abrazpe.org.br\/index.php\/wp-json\/wp\/v2\/comments?post=2609"}],"version-history":[{"count":1,"href":"https:\/\/www.abrazpe.org.br\/index.php\/wp-json\/wp\/v2\/posts\/2609\/revisions"}],"predecessor-version":[{"id":2610,"href":"https:\/\/www.abrazpe.org.br\/index.php\/wp-json\/wp\/v2\/posts\/2609\/revisions\/2610"}],"wp:featuredmedia":[{"embeddable":true,"href":"https:\/\/www.abrazpe.org.br\/index.php\/wp-json\/wp\/v2\/media\/2275"}],"wp:attachment":[{"href":"https:\/\/www.abrazpe.org.br\/index.php\/wp-json\/wp\/v2\/media?parent=2609"}],"wp:term":[{"taxonomy":"category","embeddable":true,"href":"https:\/\/www.abrazpe.org.br\/index.php\/wp-json\/wp\/v2\/categories?post=2609"},{"taxonomy":"post_tag","embeddable":true,"href":"https:\/\/www.abrazpe.org.br\/index.php\/wp-json\/wp\/v2\/tags?post=2609"}],"curies":[{"name":"wp","href":"https:\/\/api.w.org\/{rel}","templated":true}]}}