{"id":2689,"date":"2019-02-15T01:47:49","date_gmt":"2019-02-15T04:47:49","guid":{"rendered":"http:\/\/www.abrazpe.org.br\/?p=2689"},"modified":"2019-02-15T01:47:57","modified_gmt":"2019-02-15T04:47:57","slug":"governador-wellington-dias-apresenta-projeto-do-porto-a-empresarios-do-setor-de-infraestrutura","status":"publish","type":"post","link":"https:\/\/www.abrazpe.org.br\/index.php\/2019\/02\/15\/governador-wellington-dias-apresenta-projeto-do-porto-a-empresarios-do-setor-de-infraestrutura\/","title":{"rendered":"Governador Wellington Dias apresenta projeto do Porto a empres\u00e1rios do setor de infraestrutura"},"content":{"rendered":"<p class=\"estimated-read-time\">Tempo de leitura:<small> 2 minutos<\/small><\/p> \n<p>A comitiva formada pelo governador Wellington Dias e a superintendente de Parcerias e Concess\u00f5es do Estado (Suparc), Viviane Moura, apresentou a investidores o projeto de constru\u00e7\u00e3o do Porto de Lu\u00eds Correia, na tarde desta quarta-feira (13), na sede da Associa\u00e7\u00e3o Brasileira da Infraestrutura e Ind\u00fastria de Base (Abdib), em S\u00e3o Paulo.<\/p>\n\n\n\n<p>A atividade faz parte de uma agenda de promo\u00e7\u00e3o do projeto de Parceria P\u00fablico Privada para constru\u00e7\u00e3o e administra\u00e7\u00e3o do Porto piauiense.<\/p>\n\n\n\n<p>Para o presidente da Abdib, Venilton Tadini, a qualidade t\u00e9cnica e os crit\u00e9rios destacados na apresenta\u00e7\u00e3o do projeto chamaram a aten\u00e7\u00e3o de investidores e associados. \u201cN\u00f3s conhecemos o trabalho do governador Wellington Dias e gostamos muito da forma como \u00e9 tratado o projeto dentro de um processo de desenvolvimento, no qual ele estabelece prioridades com crit\u00e9rios de racionalidade. Acreditamos que esse porto causar\u00e1 um impacto significativo para o estado e para a regi\u00e3o. Acho que o momento do pa\u00eds \u00e9 oportuno, a natureza do projeto \u00e9 significativa e a iniciativa privada tem todo o interesse em contribuir com os interesses do estado\u201d, assinalou.<\/p>\n\n\n\n<p>Est\u00e1 \u00e9 a primeira vez que a iniciativa \u00e9 apresentada ao p\u00fablico. O processo de consolida\u00e7\u00e3o do projeto ainda passa pelas etapas de consulta p\u00fablica, publica\u00e7\u00f5es de editais e licita\u00e7\u00e3o.<\/p>\n\n\n\n<p>De acordo com o economista e diretor adjunto da DTA Engenharia, empresa respons\u00e1vel pelos estudos t\u00e9cnicos de viabilidade do Porto, Daniel Kohl, o principal objetivo era chamar aten\u00e7\u00e3o dos investidores para a viabilidade da obra. \u201cO porto \u00e9 uma constru\u00e7\u00e3o que est\u00e1 presente na hist\u00f3ria do Piau\u00ed h\u00e1 40 anos, mas nunca foi de fato estudado, no sentido de se chegar \u00e0 conclus\u00e3o de que \u00e9 vi\u00e1vel e poss\u00edvel de ser colocado em p\u00e9. \u00c9 a primeira vez que o Governo apresenta isso com uma possibilidade real de investimento ao p\u00fablico\u201d, comenta.<\/p>\n\n\n\n<p>Para Viviane Moura, a receptividade do p\u00fablico empresarial tem sido positiva, um passo importante na consolida\u00e7\u00e3o do projeto. \u201cTivemos um p\u00fablico extremamente qualificado, formado por pessoas que atuam nesse setor. Apresentamos a base t\u00e9cnica econ\u00f4mico-financeira, que justifica o porto do Estado do Piau\u00ed e a sua viabilidade. As empresas est\u00e3o dispostas a avaliar o material que agente produziu e participar desse processo\u201d, conclui.<\/p>\n\n\n\n<p>O governador Wellington Dias explicou que a apresenta\u00e7\u00e3o na Abdib \u00e9 estrat\u00e9gica no ponto de vista de expertise de mercado. De acordo com ele, a associa\u00e7\u00e3o congrega fundos e investidores que t\u00eam a capacidade de identificar um bom projeto. Al\u00e9m de atender aos crit\u00e9rios exigidos pelos par\u00e2metros federais e internacionais o projeto iria ao encontro da demanda de mercado. \u201cCom isso podemos colocar o edital para a concorr\u00eancia e temos um edital em sintonia com os investidores\u201d, destacou.<\/p>\n\n\n\n<p>Dias ainda pontua a regi\u00e3o de Lu\u00eds Correia como territ\u00f3rio econ\u00f4mico para a exporta\u00e7\u00e3o. \u201cNosso objetivo \u00e9 ter um porto onde temos os Tabuleiros Litor\u00e2neos, uma ZPE (Zona de Processamento e Exporta\u00e7\u00e3o), uma regi\u00e3o onde temos min\u00e9rios, produ\u00e7\u00e3o de alimentos, madeira, etanol e uma localiza\u00e7\u00e3o estrat\u00e9gica pensando no turismo\u201d, visualizou.<\/p>\n\n\n\n<p><a href=\"https:\/\/cidadeverde.com\/luiscorreia\/96454\/governador-apresenta-projeto-do-porto-a-empresarios-do-setor-de-infraestrutura\">Leia mais<\/a><\/p>\n","protected":false},"excerpt":{"rendered":"<p><small> 2 minutos<\/small> A comitiva formada pelo governador Wellington Dias e a superintendente de Parcerias e Concess\u00f5es do Estado (Suparc), Viviane Moura, apresentou a investidores o projeto de constru\u00e7\u00e3o do Porto de Lu\u00eds Correia, na tarde desta quarta-feira (13), na sede da Associa\u00e7\u00e3o Brasileira da Infraestrutura e Ind\u00fastria de Base (Abdib), em S\u00e3o Paulo. A atividade faz parte de uma agenda de promo\u00e7\u00e3o do projeto de Parceria P\u00fablico Privada para constru\u00e7\u00e3o e administra\u00e7\u00e3o do Porto piauiense. Para o presidente da Abdib, Venilton Tadini, a qualidade <a href=\"https:\/\/www.abrazpe.org.br\/index.php\/2019\/02\/15\/governador-wellington-dias-apresenta-projeto-do-porto-a-empresarios-do-setor-de-infraestrutura\/\" class=\"more-link\"><span>Continue lendo<\/span>\u2192<\/a><\/p>\n","protected":false},"author":4,"featured_media":2690,"comment_status":"closed","ping_status":"open","sticky":false,"template":"","format":"standard","meta":{"footnotes":""},"categories":[7],"tags":[],"class_list":["entry","author-adm_hb2018","post-2689","post","type-post","status-publish","format-standard","has-post-thumbnail","category-noticias"],"_links":{"self":[{"href":"https:\/\/www.abrazpe.org.br\/index.php\/wp-json\/wp\/v2\/posts\/2689","targetHints":{"allow":["GET"]}}],"collection":[{"href":"https:\/\/www.abrazpe.org.br\/index.php\/wp-json\/wp\/v2\/posts"}],"about":[{"href":"https:\/\/www.abrazpe.org.br\/index.php\/wp-json\/wp\/v2\/types\/post"}],"author":[{"embeddable":true,"href":"https:\/\/www.abrazpe.org.br\/index.php\/wp-json\/wp\/v2\/users\/4"}],"replies":[{"embeddable":true,"href":"https:\/\/www.abrazpe.org.br\/index.php\/wp-json\/wp\/v2\/comments?post=2689"}],"version-history":[{"count":1,"href":"https:\/\/www.abrazpe.org.br\/index.php\/wp-json\/wp\/v2\/posts\/2689\/revisions"}],"predecessor-version":[{"id":2691,"href":"https:\/\/www.abrazpe.org.br\/index.php\/wp-json\/wp\/v2\/posts\/2689\/revisions\/2691"}],"wp:featuredmedia":[{"embeddable":true,"href":"https:\/\/www.abrazpe.org.br\/index.php\/wp-json\/wp\/v2\/media\/2690"}],"wp:attachment":[{"href":"https:\/\/www.abrazpe.org.br\/index.php\/wp-json\/wp\/v2\/media?parent=2689"}],"wp:term":[{"taxonomy":"category","embeddable":true,"href":"https:\/\/www.abrazpe.org.br\/index.php\/wp-json\/wp\/v2\/categories?post=2689"},{"taxonomy":"post_tag","embeddable":true,"href":"https:\/\/www.abrazpe.org.br\/index.php\/wp-json\/wp\/v2\/tags?post=2689"}],"curies":[{"name":"wp","href":"https:\/\/api.w.org\/{rel}","templated":true}]}}