{"id":2874,"date":"2019-04-23T20:09:05","date_gmt":"2019-04-23T23:09:05","guid":{"rendered":"http:\/\/www.abrazpe.org.br\/?p=2874"},"modified":"2019-04-23T22:49:14","modified_gmt":"2019-04-24T01:49:14","slug":"o-programa-das-zpes-situacao-atual-e-sua-importancia-para-o-desenvolvimento-seminario-no-ipea-15-05-2019","status":"publish","type":"post","link":"https:\/\/www.abrazpe.org.br\/index.php\/2019\/04\/23\/o-programa-das-zpes-situacao-atual-e-sua-importancia-para-o-desenvolvimento-seminario-no-ipea-15-05-2019\/","title":{"rendered":"O Programa das ZPEs: Situa\u00e7\u00e3o atual e sua import\u00e2ncia para o desenvolvimento &#8211; semin\u00e1rio no IPEA, 15\/05\/2019."},"content":{"rendered":"<p class=\"estimated-read-time\">Tempo de leitura:<small> 1 minuto<\/small><\/p> \n<p>No dia 15\/05, o presidente da ABRAZPE far\u00e1 um semin\u00e1rio sobre \u201cO Programa das ZPEs: Situa\u00e7\u00e3o atual e sua import\u00e2ncia para o desenvolvimento\u201d, no Instituto de Pesquisa Econ\u00f4mica Aplicada (IPEA), no Rio de Janeiro.<\/p>\n\n\n\n<p>O IPEA \u00e9 uma funda\u00e7\u00e3o p\u00fablica federal vinculada ao Minist\u00e9rio da Economia, que fornece suporte t\u00e9cnico e institucional \u00e0s a\u00e7\u00f5es governamentais para a formula\u00e7\u00e3o e reformula\u00e7\u00e3o de pol\u00edticas p\u00fablicas e programas de desenvolvimento brasileiros.<\/p>\n\n\n\n<p>Como \u00e9 de seu conhecimento, a ABRAZPE vem coordenando, desde 2011, a tramita\u00e7\u00e3o, no Congresso Nacional, de um projeto de lei que aperfei\u00e7oa a legisla\u00e7\u00e3o atual, tornando-a competitiva. Este projeto j\u00e1 foi aprovado pelo Senado e por quatro comiss\u00f5es da C\u00e2mara dos Deputados, s\u00f3 faltando agora a sua vota\u00e7\u00e3o no plen\u00e1rio desta Casa.<\/p>\n\n\n\n<p>Com a aprova\u00e7\u00e3o do projeto, o Pa\u00eds poder\u00e1 contar com um poderoso instrumento de desenvolvimento, que \u00e9 inteiramente compat\u00edvel com a vis\u00e3o econ\u00f4mica liberal do atual governo, na medida em que n\u00e3o conflita com o controle das contas p\u00fablicas nem com a pol\u00edtica de abertura econ\u00f4mica.<\/p>\n\n\n\n<p>A discuss\u00e3o com a equipe de pesquisa do IPEA se reveste de fundamental import\u00e2ncia para consolidar, para uma audi\u00eancia qualificada, a convic\u00e7\u00e3o quanto ao papel que o programa poder\u00e1 desempenhar para a retomada do nosso desenvolvimento, em bases sustent\u00e1veis e em linha com a melhor experi\u00eancia internacional.<\/p>\n\n\n\n<p>Sauda\u00e7\u00f5es zpe\u00edstas,<\/p>\n\n\n\n<p>Helson Braga<\/p>\n\n\n\n<p>Presidente da ABRAZPE<\/p>\n","protected":false},"excerpt":{"rendered":"<p><small> 1 minuto<\/small> No dia 15\/05, o presidente da ABRAZPE far\u00e1 um semin\u00e1rio sobre \u201cO Programa das ZPEs: Situa\u00e7\u00e3o atual e sua import\u00e2ncia para o desenvolvimento\u201d, no Instituto de Pesquisa Econ\u00f4mica Aplicada (IPEA), no Rio de Janeiro. O IPEA \u00e9 uma funda\u00e7\u00e3o p\u00fablica federal vinculada ao Minist\u00e9rio da Economia, que fornece suporte t\u00e9cnico e institucional \u00e0s a\u00e7\u00f5es governamentais para a formula\u00e7\u00e3o e reformula\u00e7\u00e3o de pol\u00edticas p\u00fablicas e programas de desenvolvimento brasileiros. Como \u00e9 de seu conhecimento, a ABRAZPE vem coordenando, desde 2011, a tramita\u00e7\u00e3o, no <a href=\"https:\/\/www.abrazpe.org.br\/index.php\/2019\/04\/23\/o-programa-das-zpes-situacao-atual-e-sua-importancia-para-o-desenvolvimento-seminario-no-ipea-15-05-2019\/\" class=\"more-link\"><span>Continue lendo<\/span>\u2192<\/a><\/p>\n","protected":false},"author":4,"featured_media":0,"comment_status":"closed","ping_status":"open","sticky":false,"template":"","format":"standard","meta":{"footnotes":""},"categories":[15,7],"tags":[],"class_list":["entry","author-adm_hb2018","post-2874","post","type-post","status-publish","format-standard","category-mensagens-abrazpe","category-noticias"],"_links":{"self":[{"href":"https:\/\/www.abrazpe.org.br\/index.php\/wp-json\/wp\/v2\/posts\/2874","targetHints":{"allow":["GET"]}}],"collection":[{"href":"https:\/\/www.abrazpe.org.br\/index.php\/wp-json\/wp\/v2\/posts"}],"about":[{"href":"https:\/\/www.abrazpe.org.br\/index.php\/wp-json\/wp\/v2\/types\/post"}],"author":[{"embeddable":true,"href":"https:\/\/www.abrazpe.org.br\/index.php\/wp-json\/wp\/v2\/users\/4"}],"replies":[{"embeddable":true,"href":"https:\/\/www.abrazpe.org.br\/index.php\/wp-json\/wp\/v2\/comments?post=2874"}],"version-history":[{"count":2,"href":"https:\/\/www.abrazpe.org.br\/index.php\/wp-json\/wp\/v2\/posts\/2874\/revisions"}],"predecessor-version":[{"id":2876,"href":"https:\/\/www.abrazpe.org.br\/index.php\/wp-json\/wp\/v2\/posts\/2874\/revisions\/2876"}],"wp:attachment":[{"href":"https:\/\/www.abrazpe.org.br\/index.php\/wp-json\/wp\/v2\/media?parent=2874"}],"wp:term":[{"taxonomy":"category","embeddable":true,"href":"https:\/\/www.abrazpe.org.br\/index.php\/wp-json\/wp\/v2\/categories?post=2874"},{"taxonomy":"post_tag","embeddable":true,"href":"https:\/\/www.abrazpe.org.br\/index.php\/wp-json\/wp\/v2\/tags?post=2874"}],"curies":[{"name":"wp","href":"https:\/\/api.w.org\/{rel}","templated":true}]}}