{"id":2911,"date":"2019-05-02T22:23:00","date_gmt":"2019-05-03T01:23:00","guid":{"rendered":"http:\/\/www.abrazpe.org.br\/?p=2911"},"modified":"2019-05-02T22:23:06","modified_gmt":"2019-05-03T01:23:06","slug":"continuidad-de-las-zonas-economicas-especiales-fundamental-para-disminuir-la-desigualdade-mexico","status":"publish","type":"post","link":"https:\/\/www.abrazpe.org.br\/index.php\/2019\/05\/02\/continuidad-de-las-zonas-economicas-especiales-fundamental-para-disminuir-la-desigualdade-mexico\/","title":{"rendered":"Continuidad de las Zonas Econ\u00f3micas Especiales, fundamental para disminuir la desigualdade &#8211; Mexico"},"content":{"rendered":"<p class=\"estimated-read-time\">Tempo de leitura:<small> 2 minutos<\/small><\/p> \n<p>La Confederaci\u00f3n Patronal de la Rep\u00fablica Mexicana (Coparmex) considera prioritario preservar el proyecto de las Zonas Econ\u00f3micas Especiales, con el fin de inducir un crecimiento homog\u00e9neo en distintas regiones del pa\u00eds para generar nuevas oportunidades de empleo en las regiones con menos niveles de desarrollo.<\/p>\n\n\n\n<p>Actualmente existen Decretos de Declaratoria para las Zonas Econ\u00f3micas Especiales de Puerto Chiapas, L\u00e1zaro C\u00e1rdenas\u2013La Uni\u00f3n, Coatzacoalcos, Salina Cruz, Progreso, Tabasco y Campeche. &nbsp;<\/p>\n\n\n\n<p>M\u00e9xico no debe perder inversiones comprometidas por seis empresas que ya solicitaron un permiso para establecer secciones privadas dentro de las Zonas Econ\u00f3micas Especiales de Puerto Chiapas, L\u00e1zaro C\u00e1rdenas, Campeche, L\u00e1zaro C\u00e1rdenas-La Uni\u00f3n y Progreso, comprometiendo una inversi\u00f3n de 2,700 millones de d\u00f3lares con una generaci\u00f3n de 8,406 empleos directos durante los primeros cinco a\u00f1os a partir del otorgamiento del permiso.<\/p>\n\n\n\n<p>Existe la expectativa de que en el mediano plazo existir\u00e1n condiciones extraordinarias para la atracci\u00f3n de casi 8,600 millones de d\u00f3lares en inversiones derivadas de las cartas de intenci\u00f3n de cerca de 100&nbsp; empresas con las que cuenta la Autoridad Federal de las Zonas Econ\u00f3micas Especiales.<\/p>\n\n\n\n<p>Es cierto que el apoyo social y programas temporales de empleo que est\u00e1 instrumentando el gobierno federal pueden ayudar mucho a paliar las carencias y necesidades que enfrentan millones de mexicanos en las regiones menos desarrolladas.<\/p>\n\n\n\n<p>Para el sector patronal la continuidad del proyecto de Zonas Econ\u00f3micas Especiales es un \u00e1rea de oportunidad para que el nuevo gobierno avance en varios de sus objetivos prioritarios, pero sobre todo, para el desarrollo de M\u00e9xico, sin perjuicio de que se realicen los ajustes que sean pertinentes de acuerdo con la visi\u00f3n del gobierno.<\/p>\n\n\n\n<p>Las Zonas Econ\u00f3micas Especiales permitir\u00edan aprovechar mejor las oportunidades de conectar el desarrollo de las vocaciones y ventajas productivas en el Sur y Sureste con sectores de alto dinamismo en otras regiones del pa\u00eds, como el energ\u00e9tico en el golfo, la industria manufacturera de mayor valor agregado en el centro, occidente y el norte, o el turismo en la pen\u00ednsula de Yucat\u00e1n y la costa del Pac\u00edfico.<\/p>\n\n\n\n<p>La Coparmex exhorta al gobierno federal a preservar este esfuerzo transexenal y seguir adelante con los proyectos de inversi\u00f3n en las Zonas Econ\u00f3micas Especiales.<\/p>\n\n\n\n<p><a href=\"https:\/\/coparmex.org.mx\/continuidad-de-las-zonas-economicas-especiales-fundamental-para-disminuir-la-desigualdad-coparmex\/\">Leia mais<\/a><\/p>\n","protected":false},"excerpt":{"rendered":"<p><small> 2 minutos<\/small> La Confederaci\u00f3n Patronal de la Rep\u00fablica Mexicana (Coparmex) considera prioritario preservar el proyecto de las Zonas Econ\u00f3micas Especiales, con el fin de inducir un crecimiento homog\u00e9neo en distintas regiones del pa\u00eds para generar nuevas oportunidades de empleo en las regiones con menos niveles de desarrollo. Actualmente existen Decretos de Declaratoria para las Zonas Econ\u00f3micas Especiales de Puerto Chiapas, L\u00e1zaro C\u00e1rdenas\u2013La Uni\u00f3n, Coatzacoalcos, Salina Cruz, Progreso, Tabasco y Campeche. &nbsp; M\u00e9xico no debe perder inversiones comprometidas por seis empresas que ya solicitaron un <a href=\"https:\/\/www.abrazpe.org.br\/index.php\/2019\/05\/02\/continuidad-de-las-zonas-economicas-especiales-fundamental-para-disminuir-la-desigualdade-mexico\/\" class=\"more-link\"><span>Continue lendo<\/span>\u2192<\/a><\/p>\n","protected":false},"author":4,"featured_media":2912,"comment_status":"closed","ping_status":"open","sticky":false,"template":"","format":"standard","meta":{"footnotes":""},"categories":[7],"tags":[],"class_list":["entry","author-adm_hb2018","post-2911","post","type-post","status-publish","format-standard","has-post-thumbnail","category-noticias"],"_links":{"self":[{"href":"https:\/\/www.abrazpe.org.br\/index.php\/wp-json\/wp\/v2\/posts\/2911","targetHints":{"allow":["GET"]}}],"collection":[{"href":"https:\/\/www.abrazpe.org.br\/index.php\/wp-json\/wp\/v2\/posts"}],"about":[{"href":"https:\/\/www.abrazpe.org.br\/index.php\/wp-json\/wp\/v2\/types\/post"}],"author":[{"embeddable":true,"href":"https:\/\/www.abrazpe.org.br\/index.php\/wp-json\/wp\/v2\/users\/4"}],"replies":[{"embeddable":true,"href":"https:\/\/www.abrazpe.org.br\/index.php\/wp-json\/wp\/v2\/comments?post=2911"}],"version-history":[{"count":1,"href":"https:\/\/www.abrazpe.org.br\/index.php\/wp-json\/wp\/v2\/posts\/2911\/revisions"}],"predecessor-version":[{"id":2913,"href":"https:\/\/www.abrazpe.org.br\/index.php\/wp-json\/wp\/v2\/posts\/2911\/revisions\/2913"}],"wp:featuredmedia":[{"embeddable":true,"href":"https:\/\/www.abrazpe.org.br\/index.php\/wp-json\/wp\/v2\/media\/2912"}],"wp:attachment":[{"href":"https:\/\/www.abrazpe.org.br\/index.php\/wp-json\/wp\/v2\/media?parent=2911"}],"wp:term":[{"taxonomy":"category","embeddable":true,"href":"https:\/\/www.abrazpe.org.br\/index.php\/wp-json\/wp\/v2\/categories?post=2911"},{"taxonomy":"post_tag","embeddable":true,"href":"https:\/\/www.abrazpe.org.br\/index.php\/wp-json\/wp\/v2\/tags?post=2911"}],"curies":[{"name":"wp","href":"https:\/\/api.w.org\/{rel}","templated":true}]}}