{"id":2917,"date":"2019-05-08T14:20:44","date_gmt":"2019-05-08T17:20:44","guid":{"rendered":"http:\/\/www.abrazpe.org.br\/?p=2917"},"modified":"2019-05-08T14:20:44","modified_gmt":"2019-05-08T17:20:44","slug":"autoridades-apontam-regiao-oeste-com-grande-potencial-economico-para-mt","status":"publish","type":"post","link":"https:\/\/www.abrazpe.org.br\/index.php\/2019\/05\/08\/autoridades-apontam-regiao-oeste-com-grande-potencial-economico-para-mt\/","title":{"rendered":"Autoridades apontam regi\u00e3o Oeste com grande potencial econ\u00f4mico para MT"},"content":{"rendered":"<p class=\"estimated-read-time\">Tempo de leitura:<small> 2 minutos<\/small><\/p> \n<p>Em audi\u00eancia p\u00fablica convocada para esta segunda-feira (06) pela presidente da Assembleia Legislativa, deputada estadual Janaina Riva (MDB), economistas, soci\u00f3logos e pol\u00edticos debateram a abertura e consolida\u00e7\u00e3o das novas fronteiras econ\u00f4micas para Mato Grosso. O evento tamb\u00e9m destacou a import\u00e2ncia do legado deixado pelo Marechal C\u00e2ndido Rondon, patrono das Comunica\u00e7\u00f5es, comemorado em 5 de maio \u2013 Dia de Rondon.<\/p>\n\n\n\n<p>\u201cO que estamos fazendo aqui \u00e9 um simples gesto de, ao pensarmos as novas fronteiras econ\u00f4micas de Mato Grosso, lembremos do Marechal Rondon que abriu tantas outras em tempos dif\u00edceis\u201d, disse Janaina, ao destacar a import\u00e2ncia da Metamat \u2013 Companhia Mato-grossense de Minera\u00e7\u00e3o, que d\u00e1 suporte aos pequenos produtores e h\u00e1 muitas cidades com enorme potencial mineral em Mato Grosso e, com ajuda da Metamat, a explora\u00e7\u00e3o desses recursos pode representar gera\u00e7\u00e3o de emprego e renda no Estado.<\/p>\n\n\n\n<p>Para o economista Maur\u00edcio Munhoz, a Zona de Processamento e Exporta\u00e7\u00e3o (ZPE) de C\u00e1ceres e a hidrovia \u2018Paraguai-Paran\u00e1\u2019, com o porto de Morrinhos pronto para entrar em funcionamento dentro de 1 m\u00eas, \u00e9 uma das novas fronteiras econ\u00f4micas do Estado. Ao mencionar o potencial do campo e do setor da mineira\u00e7\u00e3o, Munhoz disse que a hidrovia ajudar\u00e1 na integra\u00e7\u00e3o com a Am\u00e9rica Latina, ampliando a pauta de exporta\u00e7\u00f5es com Mato Grosso.<\/p>\n\n\n\n<p>A fala do economista foi seguida pelo analista pol\u00edtico, Alfredo da Mota Menezes, que considera a regi\u00e3o Oeste extremamente vi\u00e1vel. \u201cMato Grosso produz 66% do algod\u00e3o do Brasil, 92% de todo o Centro-Oeste. A produ\u00e7\u00e3o de gr\u00e3os de Mato Grosso pode ser maior do que a Argentina em 10 anos. O que estamos exportando de carne \u00e9 o que a Argentina inteira produz. Apesar disso, n\u00e3o temos f\u00e1bricas de tecidos, apesar disso n\u00e3o temos uma produ\u00e7\u00e3o de beneficiamento do couro em escala. Falta a agroind\u00fastria\u201d, disparou.<\/p>\n\n\n\n<p>Para ele, Mato Grosso n\u00e3o pode continuar exportando apena mat\u00e9ria-prima. \u201cAchamos que estamos ganhando dinheiro, mas est\u00e1 indo pra fora, gerando emprego e distribuindo renda noutro lugar. Embora tenhamos um mercado interno pequeno \u2013 3,3 milh\u00f5es de pessoas \u2013 e o problema do custo elevado do frete, diante da grande dimens\u00e3o territorial, Mato Grosso pode crescer muito com a consolida\u00e7\u00e3o da ZPE\u201d.<\/p>\n\n\n\n<p>J\u00e1 o senador Wellington Fagundes (PR), presidente da Frente Parlamentar de Infraestrutura, destacou que para aumentar a competitividade de Mato Grosso frente ao mercado internacional, \u00e9 preciso melhorar a infraestrutura das estradas, portos e aeroportos. \u201cPrecisamos avan\u00e7ar na implanta\u00e7\u00e3o da hidrovia Paraguai-paran\u00e1. Isso precisa voltar a ser realidade. A Ferronorte j\u00e1 est\u00e1 na sua capacidade m\u00e1xima, precisamos avan\u00e7ar na Ferrogr\u00e3o e Fico. Precisamos de mais log\u00edstica para escoamento da produ\u00e7\u00e3o\u201d, observou.<\/p>\n\n\n\n<p><a href=\"https:\/\/www.agoramt.com.br\/2019\/05\/autoridades-apontam-regiao-oeste-com-grande-potencial-economico-para-mt\/\">Leia mais<\/a><\/p>\n","protected":false},"excerpt":{"rendered":"<p><small> 2 minutos<\/small> Em audi\u00eancia p\u00fablica convocada para esta segunda-feira (06) pela presidente da Assembleia Legislativa, deputada estadual Janaina Riva (MDB), economistas, soci\u00f3logos e pol\u00edticos debateram a abertura e consolida\u00e7\u00e3o das novas fronteiras econ\u00f4micas para Mato Grosso. O evento tamb\u00e9m destacou a import\u00e2ncia do legado deixado pelo Marechal C\u00e2ndido Rondon, patrono das Comunica\u00e7\u00f5es, comemorado em 5 de maio \u2013 Dia de Rondon. \u201cO que estamos fazendo aqui \u00e9 um simples gesto de, ao pensarmos as novas fronteiras econ\u00f4micas de Mato Grosso, lembremos do Marechal Rondon <a href=\"https:\/\/www.abrazpe.org.br\/index.php\/2019\/05\/08\/autoridades-apontam-regiao-oeste-com-grande-potencial-economico-para-mt\/\" class=\"more-link\"><span>Continue lendo<\/span>\u2192<\/a><\/p>\n","protected":false},"author":4,"featured_media":2918,"comment_status":"closed","ping_status":"open","sticky":false,"template":"","format":"standard","meta":{"footnotes":""},"categories":[7],"tags":[],"class_list":["entry","author-adm_hb2018","post-2917","post","type-post","status-publish","format-standard","has-post-thumbnail","category-noticias"],"_links":{"self":[{"href":"https:\/\/www.abrazpe.org.br\/index.php\/wp-json\/wp\/v2\/posts\/2917","targetHints":{"allow":["GET"]}}],"collection":[{"href":"https:\/\/www.abrazpe.org.br\/index.php\/wp-json\/wp\/v2\/posts"}],"about":[{"href":"https:\/\/www.abrazpe.org.br\/index.php\/wp-json\/wp\/v2\/types\/post"}],"author":[{"embeddable":true,"href":"https:\/\/www.abrazpe.org.br\/index.php\/wp-json\/wp\/v2\/users\/4"}],"replies":[{"embeddable":true,"href":"https:\/\/www.abrazpe.org.br\/index.php\/wp-json\/wp\/v2\/comments?post=2917"}],"version-history":[{"count":1,"href":"https:\/\/www.abrazpe.org.br\/index.php\/wp-json\/wp\/v2\/posts\/2917\/revisions"}],"predecessor-version":[{"id":2919,"href":"https:\/\/www.abrazpe.org.br\/index.php\/wp-json\/wp\/v2\/posts\/2917\/revisions\/2919"}],"wp:featuredmedia":[{"embeddable":true,"href":"https:\/\/www.abrazpe.org.br\/index.php\/wp-json\/wp\/v2\/media\/2918"}],"wp:attachment":[{"href":"https:\/\/www.abrazpe.org.br\/index.php\/wp-json\/wp\/v2\/media?parent=2917"}],"wp:term":[{"taxonomy":"category","embeddable":true,"href":"https:\/\/www.abrazpe.org.br\/index.php\/wp-json\/wp\/v2\/categories?post=2917"},{"taxonomy":"post_tag","embeddable":true,"href":"https:\/\/www.abrazpe.org.br\/index.php\/wp-json\/wp\/v2\/tags?post=2917"}],"curies":[{"name":"wp","href":"https:\/\/api.w.org\/{rel}","templated":true}]}}