{"id":3001,"date":"2019-06-16T11:36:41","date_gmt":"2019-06-16T14:36:41","guid":{"rendered":"http:\/\/www.abrazpe.org.br\/?p=3001"},"modified":"2019-06-16T11:36:47","modified_gmt":"2019-06-16T14:36:47","slug":"para-busca-experiencia-para-implantar-zona-de-processamento-de-exportacoes-do-estado","status":"publish","type":"post","link":"https:\/\/www.abrazpe.org.br\/index.php\/2019\/06\/16\/para-busca-experiencia-para-implantar-zona-de-processamento-de-exportacoes-do-estado\/","title":{"rendered":"Par\u00e1 busca experi\u00eancia para implantar Zona de Processamento de Exporta\u00e7\u00f5es do Estado"},"content":{"rendered":"<p class=\"estimated-read-time\">Tempo de leitura:<small> 1 minuto<\/small><\/p> \n<p>Localiza\u00e7\u00e3o privilegiada e n\u00fameros expressivos em diversas e importantes cadeias produtivas s\u00e3o diferenciais competitivos do Par\u00e1, para que a Companhia de Desenvolvimento Econ\u00f4mico do Estado (Codec) concretize um de seus projetos priorit\u00e1rios: a instala\u00e7\u00e3o da primeira Zona de Processamento de Exporta\u00e7\u00f5es do Par\u00e1 (ZPE), no Distrito Industrial de Barcarena, nordeste paraense.<\/p>\n\n\n\n<p>Com o objetivo de promover trocas de experi\u00eancias com o Cear\u00e1, estado que abriga a primeira e \u00fanica ZPE em efetiva opera\u00e7\u00e3o no Brasil, integrantes da diretoria da Codec encerraram, na quarta-feira (12), uma s\u00e9rie de visitas t\u00e9cnicas a institui\u00e7\u00f5es e empresas ligadas ao desenvolvimento econ\u00f4mico do Estado.<\/p>\n\n\n\n<p>Com visitas ao Complexo Industrial e Portu\u00e1rio de Pec\u00e9m, localizado no munic\u00edpio de S\u00e3o Gon\u00e7alo do Amarante, distante cerca de 54 km de Fortaleza, capital do Cear\u00e1, a comitiva paraense conheceu de perto as instala\u00e7\u00f5es e o modelo de administra\u00e7\u00e3o de importantes componentes que contribuem com n\u00fameros expressivos para a economia cearense.<\/p>\n\n\n\n<p>&#8220;Nesta s\u00e9rie de visitas t\u00e9cnicas, que chamamos de miss\u00e3o Cear\u00e1, estivemos reunidos com gestores da ZPE, do Porto do Pec\u00e9m e da Companhia Sider\u00fargica do Pec\u00e9m (CSP), que \u00e9 respons\u00e1vel pela produ\u00e7\u00e3o de mais de 2 milh\u00f5es de toneladas de a\u00e7o no estado por ano. O destaque do Porto do Pec\u00e9m \u00e9 a parceria que foi realizada com o Porto de Roterd\u00e3, o maior da Europa, importante marca que conferiu credibilidade ao porto do Cear\u00e1&#8221;, conta a assessora da presid\u00eancia da Codec, Daniela Kress.<\/p>\n\n\n\n<p><a href=\"https:\/\/www.agenciapara.com.br\/noticia\/13287\">Leia mais<\/a><\/p>\n","protected":false},"excerpt":{"rendered":"<p><small> 1 minuto<\/small> Localiza\u00e7\u00e3o privilegiada e n\u00fameros expressivos em diversas e importantes cadeias produtivas s\u00e3o diferenciais competitivos do Par\u00e1, para que a Companhia de Desenvolvimento Econ\u00f4mico do Estado (Codec) concretize um de seus projetos priorit\u00e1rios: a instala\u00e7\u00e3o da primeira Zona de Processamento de Exporta\u00e7\u00f5es do Par\u00e1 (ZPE), no Distrito Industrial de Barcarena, nordeste paraense. Com o objetivo de promover trocas de experi\u00eancias com o Cear\u00e1, estado que abriga a primeira e \u00fanica ZPE em efetiva opera\u00e7\u00e3o no Brasil, integrantes da diretoria da Codec encerraram, na <a href=\"https:\/\/www.abrazpe.org.br\/index.php\/2019\/06\/16\/para-busca-experiencia-para-implantar-zona-de-processamento-de-exportacoes-do-estado\/\" class=\"more-link\"><span>Continue lendo<\/span>\u2192<\/a><\/p>\n","protected":false},"author":4,"featured_media":3002,"comment_status":"closed","ping_status":"open","sticky":false,"template":"","format":"standard","meta":{"footnotes":""},"categories":[7],"tags":[],"class_list":["entry","author-adm_hb2018","post-3001","post","type-post","status-publish","format-standard","has-post-thumbnail","category-noticias"],"_links":{"self":[{"href":"https:\/\/www.abrazpe.org.br\/index.php\/wp-json\/wp\/v2\/posts\/3001","targetHints":{"allow":["GET"]}}],"collection":[{"href":"https:\/\/www.abrazpe.org.br\/index.php\/wp-json\/wp\/v2\/posts"}],"about":[{"href":"https:\/\/www.abrazpe.org.br\/index.php\/wp-json\/wp\/v2\/types\/post"}],"author":[{"embeddable":true,"href":"https:\/\/www.abrazpe.org.br\/index.php\/wp-json\/wp\/v2\/users\/4"}],"replies":[{"embeddable":true,"href":"https:\/\/www.abrazpe.org.br\/index.php\/wp-json\/wp\/v2\/comments?post=3001"}],"version-history":[{"count":1,"href":"https:\/\/www.abrazpe.org.br\/index.php\/wp-json\/wp\/v2\/posts\/3001\/revisions"}],"predecessor-version":[{"id":3003,"href":"https:\/\/www.abrazpe.org.br\/index.php\/wp-json\/wp\/v2\/posts\/3001\/revisions\/3003"}],"wp:featuredmedia":[{"embeddable":true,"href":"https:\/\/www.abrazpe.org.br\/index.php\/wp-json\/wp\/v2\/media\/3002"}],"wp:attachment":[{"href":"https:\/\/www.abrazpe.org.br\/index.php\/wp-json\/wp\/v2\/media?parent=3001"}],"wp:term":[{"taxonomy":"category","embeddable":true,"href":"https:\/\/www.abrazpe.org.br\/index.php\/wp-json\/wp\/v2\/categories?post=3001"},{"taxonomy":"post_tag","embeddable":true,"href":"https:\/\/www.abrazpe.org.br\/index.php\/wp-json\/wp\/v2\/tags?post=3001"}],"curies":[{"name":"wp","href":"https:\/\/api.w.org\/{rel}","templated":true}]}}