{"id":3043,"date":"2019-07-07T11:30:36","date_gmt":"2019-07-07T14:30:36","guid":{"rendered":"http:\/\/www.abrazpe.org.br\/?p=3043"},"modified":"2019-07-07T11:33:14","modified_gmt":"2019-07-07T14:33:14","slug":"visita-fomenta-instalacao-da-zpe-em-caceres","status":"publish","type":"post","link":"https:\/\/www.abrazpe.org.br\/index.php\/2019\/07\/07\/visita-fomenta-instalacao-da-zpe-em-caceres\/","title":{"rendered":"Visita fomenta instala\u00e7\u00e3o da ZPE em C\u00e1ceres"},"content":{"rendered":"<p class=\"estimated-read-time\">Tempo de leitura:<small> 4 minutos<\/small><\/p> \n<p>O prefeito de C\u00e1ceres, Francis Maris Cruz, retornou ontem da Bol\u00edvia, depois de acompanhar uma comitiva de lideran\u00e7as do setor produtivo de Mato Grosso. No per\u00edodo de 30 de junho a 5 de julho, eles trataram de importa\u00e7\u00e3o e exporta\u00e7\u00e3o, com o objetivo de fortalecer o comercio bilateral entre a Bol\u00edvia e o Brasil. Participaram os presidentes da Aprosoja, Antonio Galvan, da Pr\u00f3-Log\u00edstica, Edeon Vaz Ferreira, da Oeste Tangar\u00e1, Diogo Rutinelli, a vice-prefeita, Eliene Liberato e outros empres\u00e1rios.<\/p>\n\n\n\n<p>O primeiro encontro foi realizado em Santa Cruz de La Sierra, com os empres\u00e1rios bolivianos, o evento foi organizado pelo exportador Eduardo Gutierrez. Em seguida, visitaram a cidade de Bulo Bulo, para conhecer a ind\u00fastria de ur\u00e9ia (fertilizante para a agricultura). \u201cMato Grosso consome um milh\u00e3o de tonelada e meia de ur\u00e9ia. Por deter a maior produ\u00e7\u00e3o agr\u00edcola, daqui h\u00e1 dez anos, a meta \u00e9 consumir 3 milh\u00f5es de toneladas de ur\u00e9ia\u201d, disse o prefeito. Ainda em Bulo Bulo, foram informados que os bolivianos v\u00e3o construir uma f\u00e1brica de sulfato de hom\u00f4nio com mat\u00e9ria prima local, para exportar.<\/p>\n\n\n\n<p>Francis ressaltou que em Lapaz, a comitiva participou de um encontro com o vice-ministro de Minas e Energia, Alberto Echzu e com a diretora comercializa\u00e7\u00e3o de Cloreto de S\u00f3dio, Patr\u00edcia Morales, sobrinha do presidente Evo Morales. Neste encontro, eles trataram de log\u00edstica e das potencialidades econ\u00f4micas da Bol\u00edvia. O ministro afirmou que pretende instalar uma termel\u00e9trica em San Matias. \u201cComo a Bol\u00edvia tem muita energia, pedimos a instala\u00e7\u00e3o desta usina, pois San Matias j\u00e1 tem o gasoduto. O excesso de energia poder\u00e1 chegar \u00e1 C\u00e1ceres com um custo menor\u201d, garantiu o prefeito.<\/p>\n\n\n\n<p>Na cidade de Uyuni, a comitiva visitou uma f\u00e1brica cloreto de pot\u00e1ssio, produ\u00e7\u00e3o de l\u00edtio e o Salar de Uyuni, que fica na prov\u00edncia de Potossi.&nbsp; Na ocasi\u00e3o, o prefeito frisou que Mato Grosso tem um dos maiores rebanhos bovinos do Pa\u00eds, e que consome muito sal. Atualmente a produ\u00e7\u00e3o de sal que chega \u00e1 Mato Grosso, vem do Rio Grande do Norte, com um frente muito caro. Torna mais vi\u00e1vel exportar o sal boliviano.<\/p>\n\n\n\n<p>A Bol\u00edvia tem muita ur\u00e9ia e cloreto de pot\u00e1ssio para negociar. A meta \u00e9 aumentar a f\u00e1brica de ur\u00e9ia para 750 toneladas por ano. Francis explicou que a produ\u00e7\u00e3o poder\u00e1 ser transportada por rodovia, partindo de Bulo Bulo at\u00e9 a cidade de Monteiro e, depois por ferrovia at\u00e9 Corumb\u00e1. Atrav\u00e9s da Hidrovia do Mercosul, chegar\u00e1 em C\u00e1ceres. \u201cDaqui a ur\u00e9ia poder\u00e1 ser distribu\u00edda para as regi\u00f5es consumidoras. Com o aumento da produ\u00e7\u00e3o de gr\u00e3os, at\u00e9 2030, deveremos dobrar consumo de ureia, sem derrubar uma \u00e1rvore, apenas utilizando \u00e1reas de pastagens degradadas\u201d assinalou.<\/p>\n\n\n\n<p>Francis ressaltou que a Bol\u00edvia tem esmagadoras soja e est\u00e3o ociosas. Mato Grosso tem a possibilidade de exportar a soja. Segundo ele, os navios podem chegar com ur\u00e9ia e retornar com a soja. Eles tem cloreto de pot\u00e1ssio, ur\u00e9ia, sulfato de hom\u00f4nio, sal, al\u00e9m do g\u00e1s e energia para oferecer ao Brasil. Francis, pediu ao ministro, a instala\u00e7\u00e3o de uma f\u00e1brica de ur\u00e9ia em San Matias pois j\u00e1 existe no local, o gasoduto. \u201cO frete pode diminuir em torno de 90%. Isto viabilizar\u00e1 a venda de ur\u00e9ia n\u00e3o somente para Mato Grosso, mas tamb\u00e9m para&nbsp; Rond\u00f4nia, Acre, Goi\u00e1s, Triangulo Mineiro e outros estados\u201d, argumentou.<\/p>\n\n\n\n<p>Na avalia\u00e7\u00e3o de Francis, a viagem foi muito positiva e vai resultar em desenvolvimento para C\u00e1ceres e Mato Grosso. \u201cCom a Bol\u00edvia integrada ao Mercosul, surgir\u00e3o boas oportunidade para ambos os lados. O grande objetivo \u00e9 fortalecer o comercio bilateral entre os dois Pa\u00edses. Isto vai trazer mais integra\u00e7\u00e3o e movimentar a hidrovia do Rio Paraguai\u201d, afirmou o prefeito.<\/p>\n\n\n\n<p>A partir de janeiro de 2020, a hidrovia estar\u00e1 totalmente naveg\u00e1vel. At\u00e9 dezembro, \u00e9 prazo para fazer o planejamento, verificar os tr\u00e2mites burocr\u00e1ticos e outras provid\u00eancias. O funcionamento da hidrovia impulsionar\u00e1 a Zona de Processamento de Exporta\u00e7\u00e3o-ZPE de C\u00e1ceres. \u201cCom a Bol\u00edvia, poderemos comercializar n\u00e3o somente a soja, mas tamb\u00e9m materiais de constru\u00e7\u00e3o, ve\u00edculos, tratores, implementos agr\u00edcolas entre outros produtos.<\/p>\n\n\n\n<p><a href=\"https:\/\/www.folhamax.com\/economia\/visita-fomenta-instalacao-da-zpe-em-caceres\/217424\">Leia mais<\/a><\/p>\n","protected":false},"excerpt":{"rendered":"<p><small> 4 minutos<\/small> O prefeito de C\u00e1ceres, Francis Maris Cruz, retornou ontem da Bol\u00edvia, depois de acompanhar uma comitiva de lideran\u00e7as do setor produtivo de Mato Grosso. No per\u00edodo de 30 de junho a 5 de julho, eles trataram de importa\u00e7\u00e3o e exporta\u00e7\u00e3o, com o objetivo de fortalecer o comercio bilateral entre a Bol\u00edvia e o Brasil. Participaram os presidentes da Aprosoja, Antonio Galvan, da Pr\u00f3-Log\u00edstica, Edeon Vaz Ferreira, da Oeste Tangar\u00e1, Diogo Rutinelli, a vice-prefeita, Eliene Liberato e outros empres\u00e1rios. O primeiro encontro foi <a href=\"https:\/\/www.abrazpe.org.br\/index.php\/2019\/07\/07\/visita-fomenta-instalacao-da-zpe-em-caceres\/\" class=\"more-link\"><span>Continue lendo<\/span>\u2192<\/a><\/p>\n","protected":false},"author":4,"featured_media":3044,"comment_status":"closed","ping_status":"open","sticky":false,"template":"","format":"standard","meta":{"footnotes":""},"categories":[7],"tags":[],"class_list":["entry","author-adm_hb2018","post-3043","post","type-post","status-publish","format-standard","has-post-thumbnail","category-noticias"],"_links":{"self":[{"href":"https:\/\/www.abrazpe.org.br\/index.php\/wp-json\/wp\/v2\/posts\/3043","targetHints":{"allow":["GET"]}}],"collection":[{"href":"https:\/\/www.abrazpe.org.br\/index.php\/wp-json\/wp\/v2\/posts"}],"about":[{"href":"https:\/\/www.abrazpe.org.br\/index.php\/wp-json\/wp\/v2\/types\/post"}],"author":[{"embeddable":true,"href":"https:\/\/www.abrazpe.org.br\/index.php\/wp-json\/wp\/v2\/users\/4"}],"replies":[{"embeddable":true,"href":"https:\/\/www.abrazpe.org.br\/index.php\/wp-json\/wp\/v2\/comments?post=3043"}],"version-history":[{"count":2,"href":"https:\/\/www.abrazpe.org.br\/index.php\/wp-json\/wp\/v2\/posts\/3043\/revisions"}],"predecessor-version":[{"id":3046,"href":"https:\/\/www.abrazpe.org.br\/index.php\/wp-json\/wp\/v2\/posts\/3043\/revisions\/3046"}],"wp:featuredmedia":[{"embeddable":true,"href":"https:\/\/www.abrazpe.org.br\/index.php\/wp-json\/wp\/v2\/media\/3044"}],"wp:attachment":[{"href":"https:\/\/www.abrazpe.org.br\/index.php\/wp-json\/wp\/v2\/media?parent=3043"}],"wp:term":[{"taxonomy":"category","embeddable":true,"href":"https:\/\/www.abrazpe.org.br\/index.php\/wp-json\/wp\/v2\/categories?post=3043"},{"taxonomy":"post_tag","embeddable":true,"href":"https:\/\/www.abrazpe.org.br\/index.php\/wp-json\/wp\/v2\/tags?post=3043"}],"curies":[{"name":"wp","href":"https:\/\/api.w.org\/{rel}","templated":true}]}}