{"id":3176,"date":"2019-08-29T17:59:34","date_gmt":"2019-08-29T20:59:34","guid":{"rendered":"http:\/\/www.abrazpe.org.br\/?p=3176"},"modified":"2019-08-29T17:59:40","modified_gmt":"2019-08-29T20:59:40","slug":"zpe-ceara-celebra-6-ano-de-operacao-com-anuncio-de-expansao","status":"publish","type":"post","link":"https:\/\/www.abrazpe.org.br\/index.php\/2019\/08\/29\/zpe-ceara-celebra-6-ano-de-operacao-com-anuncio-de-expansao\/","title":{"rendered":"ZPE Cear\u00e1 celebra 6\u00b0 ano de opera\u00e7\u00e3o com an\u00fancio de expans\u00e3o"},"content":{"rendered":"<p class=\"estimated-read-time\">Tempo de leitura:<small> 2 minutos<\/small><\/p> \n<p>A \u00fanica zona de processamento de exporta\u00e7\u00e3o do Brasil em opera\u00e7\u00e3o est\u00e1 localizada no Estado do Cear\u00e1. Inaugurada oficialmente em 30 de agosto de 2013 a ZPE Cear\u00e1 foi a primeira a entrar em funcionamento no pa\u00eds e tem servido de modelo para outros estados brasileiros. No ano passado atingiu a marca de 12,5 milh\u00f5es de toneladas movimentadas. Crescimento de quase 13% em rela\u00e7\u00e3o a 2017. \u201cApesar de muito jovem j\u00e1 tem resultados consistentes, esse \u00e9 um trabalho realizado por toda uma equipe que trabalha com o objetivo de colher grandes frutos para todos\u201d, diz M\u00e1rio Lima, presidente da ZPE Cear\u00e1 .<\/p>\n\n\n\n<p>A ZPE Cear\u00e1 \u00e9, desde dezembro de 2018, empresa subsidi\u00e1ria do Complexo Industrial e Portu\u00e1rio do Pec\u00e9m (<a href=\"https:\/\/www.ceara.gov.br\/tag\/cipp\/\">CIPP<\/a>). Com mais de 6 mil hectares de \u00e1rea, a ZPE cearense permite que as empresas nela localizadas operem com benef\u00edcios fiscais e liberdade cambial, com pelo menos 80% da produ\u00e7\u00e3o destinada para exporta\u00e7\u00f5es . A Companhia Sider\u00fargica do Pec\u00e9m (CSP), por exemplo, est\u00e1 instalada dentro da Zona de Processamento de Exporta\u00e7\u00e3o do Cear\u00e1.<\/p>\n\n\n\n<p>E em breve a zona de livre com\u00e9rcio, localizada entre os munic\u00edpios de Caucaia e S\u00e3o Gon\u00e7alo do Amarante, ser\u00e1 ampliada. Isso porque nessa quarta-feira (28), durante a solenidade em comemora\u00e7\u00e3o ao sexto ano de funcionamento da Zona de Processamento de Exporta\u00e7\u00e3o do Cear\u00e1, foi assinada a Autoriza\u00e7\u00e3o de Pr\u00e9 Projeto para a Implanta\u00e7\u00e3o da ZPE II.<\/p>\n\n\n\n<p>\u201cA amplia\u00e7\u00e3o da ZPE \u00e9 mais uma grande conquista para o Governo do Cear\u00e1. A ZPE II ficar\u00e1 situada no munic\u00edpio de Caucaia e ter\u00e1 uma \u00e1rea de 28 hectares para que possamos atrair novas empresas de diversos segmentos, incrementando assim o desenvolvimento econ\u00f4mico e a gera\u00e7\u00e3o de emprego e renda para o Estado\u201d, disse o presidente do Complexo Industrial e Portu\u00e1rio do Pec\u00e9m (CIPP), Danilo Serpa.<\/p>\n\n\n\n<p>A autoriza\u00e7\u00e3o para a elabora\u00e7\u00e3o do pr\u00e9-projeto para a implanta\u00e7\u00e3o da ZPE II foi concedida pela Receita Federal do Brasil, respons\u00e1vel por todo o alfandegamento desde o in\u00edcio das opera\u00e7\u00f5es da ZPE Cear\u00e1. \u201cA ZPE II \u00e9 um projeto que a Receita est\u00e1 acompanhando de perto, com seriedade e respeito ao contribuinte. Assim tornaremos a zona de processamento cearense ainda mais competitiva. Hoje me sinto feliz em presenciar esse novo passo que foi dado, n\u00e3o somente como servidor da Receita, mas tamb\u00e9m como cearense. \u00c9 motivo de orgulho\u201c, afirmou o inspetor-chefe da Receita Federal do Pec\u00e9m, Edson Nogueira.<\/p>\n\n\n\n<p>O Secret\u00e1rio da Casa Civil do Cear\u00e1, \u00c9lcio Batista, ressaltou a import\u00e2ncia da ZPE para o Cear\u00e1. \u201cN\u00e3o podemos esquecer que o Estado vive um momento de grande oportunidade. Estamos em uma localiza\u00e7\u00e3o estrat\u00e9gica no globo e devemos aproveitar esse per\u00edodo para crescer. \u00c9 preciso lembrar diariamente do compromisso do Complexo do Pec\u00e9m com a sociedade cearense, que \u00e9 de contribuir com o desenvolvimento social, intelectual e econ\u00f4mico do Cear\u00e1\u201d, disse Batista. Tamb\u00e9m participaram da solenidade os prefeitos de Caucaia, Naumi Amorim; e de S\u00e3o Gon\u00e7alo do Amarante, Cl\u00e1udio Pinho.<\/p>\n\n\n\n<p><a href=\"https:\/\/www.ceara.gov.br\/2019\/08\/29\/zpe-ceara-celebra-6-ano-de-operacao-com-anuncio-de-expansao\/\">Leia mais<\/a><\/p>\n","protected":false},"excerpt":{"rendered":"<p><small> 2 minutos<\/small> A \u00fanica zona de processamento de exporta\u00e7\u00e3o do Brasil em opera\u00e7\u00e3o est\u00e1 localizada no Estado do Cear\u00e1. Inaugurada oficialmente em 30 de agosto de 2013 a ZPE Cear\u00e1 foi a primeira a entrar em funcionamento no pa\u00eds e tem servido de modelo para outros estados brasileiros. No ano passado atingiu a marca de 12,5 milh\u00f5es de toneladas movimentadas. Crescimento de quase 13% em rela\u00e7\u00e3o a 2017. \u201cApesar de muito jovem j\u00e1 tem resultados consistentes, esse \u00e9 um trabalho realizado por toda uma <a href=\"https:\/\/www.abrazpe.org.br\/index.php\/2019\/08\/29\/zpe-ceara-celebra-6-ano-de-operacao-com-anuncio-de-expansao\/\" class=\"more-link\"><span>Continue lendo<\/span>\u2192<\/a><\/p>\n","protected":false},"author":4,"featured_media":2156,"comment_status":"closed","ping_status":"open","sticky":false,"template":"","format":"standard","meta":{"footnotes":""},"categories":[7],"tags":[],"class_list":["entry","author-adm_hb2018","post-3176","post","type-post","status-publish","format-standard","has-post-thumbnail","category-noticias"],"_links":{"self":[{"href":"https:\/\/www.abrazpe.org.br\/index.php\/wp-json\/wp\/v2\/posts\/3176","targetHints":{"allow":["GET"]}}],"collection":[{"href":"https:\/\/www.abrazpe.org.br\/index.php\/wp-json\/wp\/v2\/posts"}],"about":[{"href":"https:\/\/www.abrazpe.org.br\/index.php\/wp-json\/wp\/v2\/types\/post"}],"author":[{"embeddable":true,"href":"https:\/\/www.abrazpe.org.br\/index.php\/wp-json\/wp\/v2\/users\/4"}],"replies":[{"embeddable":true,"href":"https:\/\/www.abrazpe.org.br\/index.php\/wp-json\/wp\/v2\/comments?post=3176"}],"version-history":[{"count":1,"href":"https:\/\/www.abrazpe.org.br\/index.php\/wp-json\/wp\/v2\/posts\/3176\/revisions"}],"predecessor-version":[{"id":3177,"href":"https:\/\/www.abrazpe.org.br\/index.php\/wp-json\/wp\/v2\/posts\/3176\/revisions\/3177"}],"wp:featuredmedia":[{"embeddable":true,"href":"https:\/\/www.abrazpe.org.br\/index.php\/wp-json\/wp\/v2\/media\/2156"}],"wp:attachment":[{"href":"https:\/\/www.abrazpe.org.br\/index.php\/wp-json\/wp\/v2\/media?parent=3176"}],"wp:term":[{"taxonomy":"category","embeddable":true,"href":"https:\/\/www.abrazpe.org.br\/index.php\/wp-json\/wp\/v2\/categories?post=3176"},{"taxonomy":"post_tag","embeddable":true,"href":"https:\/\/www.abrazpe.org.br\/index.php\/wp-json\/wp\/v2\/tags?post=3176"}],"curies":[{"name":"wp","href":"https:\/\/api.w.org\/{rel}","templated":true}]}}