{"id":3214,"date":"2019-09-07T12:06:37","date_gmt":"2019-09-07T15:06:37","guid":{"rendered":"http:\/\/www.abrazpe.org.br\/?p=3214"},"modified":"2019-09-07T12:06:45","modified_gmt":"2019-09-07T15:06:45","slug":"expansao-da-zpe-gerara-mais-empregos-com-a-chegada-de-novas-empresas-no-pecem","status":"publish","type":"post","link":"https:\/\/www.abrazpe.org.br\/index.php\/2019\/09\/07\/expansao-da-zpe-gerara-mais-empregos-com-a-chegada-de-novas-empresas-no-pecem\/","title":{"rendered":"Expans\u00e3o da ZPE gerar\u00e1 mais empregos com a chegada de novas empresas no Pec\u00e9m"},"content":{"rendered":"<p class=\"estimated-read-time\">Tempo de leitura:<small> 1 minuto<\/small><\/p> \n<p>\u00danica no Brasil em opera\u00e7\u00e3o, a Zona de Processamento de Exporta\u00e7\u00e3o do Cear\u00e1 (ZPE Cear\u00e1) foi a primeira a entrar em funcionamento no Pa\u00eds e tem servido de modelo para outros estados brasileiros. No ano passado, a ZPE cearense atingiu a marca de 12,5 milh\u00f5es de toneladas movimentadas. Crescimento de quase 13% em rela\u00e7\u00e3o a 2017.&nbsp;<\/p>\n\n\n\n<p>Inaugurada oficialmente em 30 de agosto de 2013 \u2013 prestes a completar seis anos de atividade \u2013 a zona de livre com\u00e9rcio, localizada entre os munic\u00edpios de Caucaia e S\u00e3o Gon\u00e7alo do Amarante, ser\u00e1 ampliada. Isso porque, ontem, foi assinada a autoriza\u00e7\u00e3o de pr\u00e9 projeto para a implanta\u00e7\u00e3o da ZPE II.<\/p>\n\n\n\n<p>A autoriza\u00e7\u00e3o para a elabora\u00e7\u00e3o do pr\u00e9 projeto da ZPE II foi concedida pela Receita Federal do Brasil, respons\u00e1vel por todo o alfandegamento desde o in\u00edcio das opera\u00e7\u00f5es da ZPE Cear\u00e1. \u201cA ZPE II \u00e9 um projeto que a Receita est\u00e1 acompanhando de perto, com seriedade e respeito ao contribuinte. Assim tornar emos a zona de processamento cearense ainda mais competitiva. Hoje me sinto feliz em presenciar esse novo passo que foi dado, n\u00e3o somente como servidor da Receita, mas tamb\u00e9m como cearense. \u00c9 motivo de orgulho\u201d, destacou o inspetor-chefe da Receita Federal no Pec\u00e9m, Edson Nogueira.<\/p>\n\n\n\n<p><a href=\"http:\/\/www.papelpanoticias.com\/expansao-da-zpe-gerara-mais-empregos-com-a-chegada-de-novas-empresas-no-pecem\/\">Leia mais<\/a><\/p>\n","protected":false},"excerpt":{"rendered":"<p><small> 1 minuto<\/small> \u00danica no Brasil em opera\u00e7\u00e3o, a Zona de Processamento de Exporta\u00e7\u00e3o do Cear\u00e1 (ZPE Cear\u00e1) foi a primeira a entrar em funcionamento no Pa\u00eds e tem servido de modelo para outros estados brasileiros. No ano passado, a ZPE cearense atingiu a marca de 12,5 milh\u00f5es de toneladas movimentadas. Crescimento de quase 13% em rela\u00e7\u00e3o a 2017.&nbsp; Inaugurada oficialmente em 30 de agosto de 2013 \u2013 prestes a completar seis anos de atividade \u2013 a zona de livre com\u00e9rcio, localizada entre os munic\u00edpios <a href=\"https:\/\/www.abrazpe.org.br\/index.php\/2019\/09\/07\/expansao-da-zpe-gerara-mais-empregos-com-a-chegada-de-novas-empresas-no-pecem\/\" class=\"more-link\"><span>Continue lendo<\/span>\u2192<\/a><\/p>\n","protected":false},"author":4,"featured_media":1276,"comment_status":"closed","ping_status":"open","sticky":false,"template":"","format":"standard","meta":{"footnotes":""},"categories":[7],"tags":[],"class_list":["entry","author-adm_hb2018","post-3214","post","type-post","status-publish","format-standard","has-post-thumbnail","category-noticias"],"_links":{"self":[{"href":"https:\/\/www.abrazpe.org.br\/index.php\/wp-json\/wp\/v2\/posts\/3214","targetHints":{"allow":["GET"]}}],"collection":[{"href":"https:\/\/www.abrazpe.org.br\/index.php\/wp-json\/wp\/v2\/posts"}],"about":[{"href":"https:\/\/www.abrazpe.org.br\/index.php\/wp-json\/wp\/v2\/types\/post"}],"author":[{"embeddable":true,"href":"https:\/\/www.abrazpe.org.br\/index.php\/wp-json\/wp\/v2\/users\/4"}],"replies":[{"embeddable":true,"href":"https:\/\/www.abrazpe.org.br\/index.php\/wp-json\/wp\/v2\/comments?post=3214"}],"version-history":[{"count":1,"href":"https:\/\/www.abrazpe.org.br\/index.php\/wp-json\/wp\/v2\/posts\/3214\/revisions"}],"predecessor-version":[{"id":3215,"href":"https:\/\/www.abrazpe.org.br\/index.php\/wp-json\/wp\/v2\/posts\/3214\/revisions\/3215"}],"wp:featuredmedia":[{"embeddable":true,"href":"https:\/\/www.abrazpe.org.br\/index.php\/wp-json\/wp\/v2\/media\/1276"}],"wp:attachment":[{"href":"https:\/\/www.abrazpe.org.br\/index.php\/wp-json\/wp\/v2\/media?parent=3214"}],"wp:term":[{"taxonomy":"category","embeddable":true,"href":"https:\/\/www.abrazpe.org.br\/index.php\/wp-json\/wp\/v2\/categories?post=3214"},{"taxonomy":"post_tag","embeddable":true,"href":"https:\/\/www.abrazpe.org.br\/index.php\/wp-json\/wp\/v2\/tags?post=3214"}],"curies":[{"name":"wp","href":"https:\/\/api.w.org\/{rel}","templated":true}]}}