{"id":3275,"date":"2019-10-19T01:24:52","date_gmt":"2019-10-19T04:24:52","guid":{"rendered":"https:\/\/www.abrazpe.org.br\/?p=3275"},"modified":"2019-10-19T01:24:59","modified_gmt":"2019-10-19T04:24:59","slug":"deputado-hugo-leal-propoe-sustar-decreto-que-revogou-zpe-de-itaguai-rj","status":"publish","type":"post","link":"https:\/\/www.abrazpe.org.br\/index.php\/2019\/10\/19\/deputado-hugo-leal-propoe-sustar-decreto-que-revogou-zpe-de-itaguai-rj\/","title":{"rendered":"Deputado Hugo Leal prop\u00f5e sustar decreto que revogou ZPE de Itagua\u00ed, RJ"},"content":{"rendered":"<p class=\"estimated-read-time\">Tempo de leitura:<small> menos de 1 minuto<\/small><\/p> \n<p>O Deputado Hugo Leal (PSD\/RJ) apresentou Projeto de Decreto Legislativo que susta o Decreto 9.959\/2019, que revogou o decreto de cria\u00e7\u00e3o da ZPE de Itagua\u00ed, RJ. Em sua justificativa, o deputado argumenta que o governo deveria ter aguardado a aprova\u00e7\u00e3o da nova lei das ZPEs (Projeto de Lei 5.957\/2013, em fase final de aprova\u00e7\u00e3o no Congresso Nacional), para s\u00f3 ent\u00e3o o Rio de Janeiro decidir se queria a ZPE ou n\u00e3o.&nbsp;<\/p>\n\n\n\n<p>Considerou tamb\u00e9m que esta informa\u00e7\u00e3o foi omitida ao Presidente da Rep\u00fablica, que, assim, foi induzido a um ato manifestamente contr\u00e1rio aos interesses do Rio de Janeiro e do Brasil. Na avalia\u00e7\u00e3o do deputado Hugo Leal, a ZPE de Itagua\u00ed era uma das mais promissoras do Pa\u00eds e que n\u00e3o tinha sido implantada, como as demais ZPEs criadas ao longo dos \u00faltimos 30 anos, sobretudo em raz\u00e3o da m\u00e1 qualidade da legisla\u00e7\u00e3o sobre a mat\u00e9ria, que, agora, ser\u00e1 corrigida. A sua extin\u00e7\u00e3o foi, portanto, um grave erro.<\/p>\n\n\n\n<p><a href=\"https:\/\/www.camara.leg.br\/proposicoesWeb\/prop_mostrarintegra?codteor=1821373&amp;filename=PDL+663\/2019\">Leia mais<\/a><\/p>\n","protected":false},"excerpt":{"rendered":"<p><small> menos de 1 minuto<\/small> O Deputado Hugo Leal (PSD\/RJ) apresentou Projeto de Decreto Legislativo que susta o Decreto 9.959\/2019, que revogou o decreto de cria\u00e7\u00e3o da ZPE de Itagua\u00ed, RJ. Em sua justificativa, o deputado argumenta que o governo deveria ter aguardado a aprova\u00e7\u00e3o da nova lei das ZPEs (Projeto de Lei 5.957\/2013, em fase final de aprova\u00e7\u00e3o no Congresso Nacional), para s\u00f3 ent\u00e3o o Rio de Janeiro decidir se queria a ZPE ou n\u00e3o.&nbsp; Considerou tamb\u00e9m que esta informa\u00e7\u00e3o foi omitida ao Presidente <a href=\"https:\/\/www.abrazpe.org.br\/index.php\/2019\/10\/19\/deputado-hugo-leal-propoe-sustar-decreto-que-revogou-zpe-de-itaguai-rj\/\" class=\"more-link\"><span>Continue lendo<\/span>\u2192<\/a><\/p>\n","protected":false},"author":4,"featured_media":655,"comment_status":"closed","ping_status":"open","sticky":false,"template":"","format":"standard","meta":{"footnotes":""},"categories":[7],"tags":[],"class_list":["entry","author-adm_hb2018","post-3275","post","type-post","status-publish","format-standard","has-post-thumbnail","category-noticias"],"_links":{"self":[{"href":"https:\/\/www.abrazpe.org.br\/index.php\/wp-json\/wp\/v2\/posts\/3275","targetHints":{"allow":["GET"]}}],"collection":[{"href":"https:\/\/www.abrazpe.org.br\/index.php\/wp-json\/wp\/v2\/posts"}],"about":[{"href":"https:\/\/www.abrazpe.org.br\/index.php\/wp-json\/wp\/v2\/types\/post"}],"author":[{"embeddable":true,"href":"https:\/\/www.abrazpe.org.br\/index.php\/wp-json\/wp\/v2\/users\/4"}],"replies":[{"embeddable":true,"href":"https:\/\/www.abrazpe.org.br\/index.php\/wp-json\/wp\/v2\/comments?post=3275"}],"version-history":[{"count":1,"href":"https:\/\/www.abrazpe.org.br\/index.php\/wp-json\/wp\/v2\/posts\/3275\/revisions"}],"predecessor-version":[{"id":3276,"href":"https:\/\/www.abrazpe.org.br\/index.php\/wp-json\/wp\/v2\/posts\/3275\/revisions\/3276"}],"wp:featuredmedia":[{"embeddable":true,"href":"https:\/\/www.abrazpe.org.br\/index.php\/wp-json\/wp\/v2\/media\/655"}],"wp:attachment":[{"href":"https:\/\/www.abrazpe.org.br\/index.php\/wp-json\/wp\/v2\/media?parent=3275"}],"wp:term":[{"taxonomy":"category","embeddable":true,"href":"https:\/\/www.abrazpe.org.br\/index.php\/wp-json\/wp\/v2\/categories?post=3275"},{"taxonomy":"post_tag","embeddable":true,"href":"https:\/\/www.abrazpe.org.br\/index.php\/wp-json\/wp\/v2\/tags?post=3275"}],"curies":[{"name":"wp","href":"https:\/\/api.w.org\/{rel}","templated":true}]}}