{"id":3536,"date":"2020-02-27T16:41:47","date_gmt":"2020-02-27T19:41:47","guid":{"rendered":"https:\/\/www.abrazpe.org.br\/?p=3536"},"modified":"2020-02-27T16:41:49","modified_gmt":"2020-02-27T19:41:49","slug":"com-orcamento-de-r-154-milhoes-obras-da-zpe-de-caceres-sao-retomadas-e-devem-ser-concluidas-em-15-meses","status":"publish","type":"post","link":"https:\/\/www.abrazpe.org.br\/index.php\/2020\/02\/27\/com-orcamento-de-r-154-milhoes-obras-da-zpe-de-caceres-sao-retomadas-e-devem-ser-concluidas-em-15-meses\/","title":{"rendered":"Com or\u00e7amento de R$ 15,4 milh\u00f5es, obras da ZPE de C\u00e1ceres s\u00e3o retomadas e devem ser conclu\u00eddas em 15 meses"},"content":{"rendered":"<p class=\"estimated-read-time\">Tempo de leitura:<small> 2 minutos<\/small><\/p> \n<p>As obras na Zona de Processamento de Exporta\u00e7\u00e3o (ZPE) de Mato Grosso, localizada em C\u00e1ceres (218 km de Cuiab\u00e1), est\u00e3o sendo reiniciadas nesta quinta-feira (27) com a assinatura da ordem de servi\u00e7o pela Secretaria de Estado de Infraestrutura e Log\u00edstica (Sinfra). O or\u00e7amento \u00e9 de R$ 15,4 milh\u00f5es, oriundo da Secretaria de Estado de Desenvolvimento Econ\u00f4mico (Sedec), por meio do Fundo de Desenvolvimento Industrial e Comercial de Mato Grosso&nbsp;(Fundeic).<\/p>\n\n\n\n<p>O governador Mauro Mendes determinou no in\u00edcio do m\u00eas que os trabalhos fossem retomados imediatamente. \u201cA ZPE foi criada h\u00e1 mais de 30 anos e at\u00e9 agora muito pouco ou quase nada foi feito. Ela \u00e9 em C\u00e1ceres, mas \u00e9 de Mato Grosso e ser\u00e1 importante para que possamos ter mais competitividade nas exporta\u00e7\u00f5es do nosso Estado\u201d, frisou Mendes em reuni\u00e3o em fevereiro com representantes do Conselho Nacional das ZPEs.<\/p>\n\n\n\n<p>Para o secret\u00e1rio de Desenvolvimento Econ\u00f4mico, C\u00e9sar Miranda, a ZPE atrair\u00e1 investimentos para Mato Grosso, pois tem vantagens competitivas para ind\u00fastrias. \u201cH\u00e1 uma s\u00e9rie de facilidades como isen\u00e7\u00e3o de alguns impostos federais e tamb\u00e9m a quest\u00e3o do tr\u00e2mite dentro da alf\u00e2ndega. Por exemplo, cada opera\u00e7\u00e3o de exporta\u00e7\u00e3o \u00e9 um processo dentro da Receita Federal. Estando dentro de uma zona alfandegada, \u00e9 uma \u00fanica autoriza\u00e7\u00e3o e tramita sem burocracia\u201d, explicou.<\/p>\n\n\n\n<p>A empresa vencedora da licita\u00e7\u00e3o, Primus Incorpora\u00e7\u00e3o e Constru\u00e7\u00e3o Ltda, cujo contrato foi retomado com o Governo do Estado por orienta\u00e7\u00e3o da Procuradoria Geral do Estado (PGE), ter\u00e1 um prazo de 15 meses para sua conclus\u00e3o.<\/p>\n\n\n\n<p>De acordo com o secret\u00e1rio de Infraestrutura e Log\u00edstica, Marcelo de Oliveira e Silva, o projeto para a retomada da ZPE teve de passar por readequa\u00e7\u00f5es, especialmente para atender as exig\u00eancias espec\u00edficas da Receita Federal. Foram feitos ajustes no projeto de pavimenta\u00e7\u00e3o e drenagem, que passam a ter uma nova concep\u00e7\u00e3o. J\u00e1 o projeto de estrutura foi todo reanalisado, uma vez que ele foi feito em 2013 e desde ent\u00e3o aconteceram mudan\u00e7as de normas, sendo necess\u00e1rias atualiza\u00e7\u00f5es.<\/p>\n\n\n\n<p>A nova diretoria executiva da Administra\u00e7\u00e3o da Zona de Processamento de Exporta\u00e7\u00e3o (Azpec) foi eleita no dia 19 de fevereiro e est\u00e1 elaborando um projeto de viabilidade para a ZPE e tamb\u00e9m uma pol\u00edtica de atra\u00e7\u00e3o de investidores para a regi\u00e3o. A legisla\u00e7\u00e3o vigente estabelece que 80% do que as ind\u00fastrias produzirem no local poder\u00e1 ser exportado e 20% ficar no mercado interno.<\/p>\n\n\n\n<p><a href=\"https:\/\/odocumento.com.br\/ordem-de-servico-e-assinada-e-obras-da-zpe-de-caceres-sao-retomadas-prazo-para-conclusao-e-de-15-meses\/\">Leia mais<\/a><\/p>\n","protected":false},"excerpt":{"rendered":"<p><small> 2 minutos<\/small> As obras na Zona de Processamento de Exporta\u00e7\u00e3o (ZPE) de Mato Grosso, localizada em C\u00e1ceres (218 km de Cuiab\u00e1), est\u00e3o sendo reiniciadas nesta quinta-feira (27) com a assinatura da ordem de servi\u00e7o pela Secretaria de Estado de Infraestrutura e Log\u00edstica (Sinfra). O or\u00e7amento \u00e9 de R$ 15,4 milh\u00f5es, oriundo da Secretaria de Estado de Desenvolvimento Econ\u00f4mico (Sedec), por meio do Fundo de Desenvolvimento Industrial e Comercial de Mato Grosso&nbsp;(Fundeic). O governador Mauro Mendes determinou no in\u00edcio do m\u00eas que os trabalhos fossem <a href=\"https:\/\/www.abrazpe.org.br\/index.php\/2020\/02\/27\/com-orcamento-de-r-154-milhoes-obras-da-zpe-de-caceres-sao-retomadas-e-devem-ser-concluidas-em-15-meses\/\" class=\"more-link\"><span>Continue lendo<\/span>\u2192<\/a><\/p>\n","protected":false},"author":4,"featured_media":3514,"comment_status":"closed","ping_status":"open","sticky":false,"template":"","format":"standard","meta":{"footnotes":""},"categories":[7],"tags":[],"class_list":["entry","author-adm_hb2018","post-3536","post","type-post","status-publish","format-standard","has-post-thumbnail","category-noticias"],"_links":{"self":[{"href":"https:\/\/www.abrazpe.org.br\/index.php\/wp-json\/wp\/v2\/posts\/3536","targetHints":{"allow":["GET"]}}],"collection":[{"href":"https:\/\/www.abrazpe.org.br\/index.php\/wp-json\/wp\/v2\/posts"}],"about":[{"href":"https:\/\/www.abrazpe.org.br\/index.php\/wp-json\/wp\/v2\/types\/post"}],"author":[{"embeddable":true,"href":"https:\/\/www.abrazpe.org.br\/index.php\/wp-json\/wp\/v2\/users\/4"}],"replies":[{"embeddable":true,"href":"https:\/\/www.abrazpe.org.br\/index.php\/wp-json\/wp\/v2\/comments?post=3536"}],"version-history":[{"count":1,"href":"https:\/\/www.abrazpe.org.br\/index.php\/wp-json\/wp\/v2\/posts\/3536\/revisions"}],"predecessor-version":[{"id":3537,"href":"https:\/\/www.abrazpe.org.br\/index.php\/wp-json\/wp\/v2\/posts\/3536\/revisions\/3537"}],"wp:featuredmedia":[{"embeddable":true,"href":"https:\/\/www.abrazpe.org.br\/index.php\/wp-json\/wp\/v2\/media\/3514"}],"wp:attachment":[{"href":"https:\/\/www.abrazpe.org.br\/index.php\/wp-json\/wp\/v2\/media?parent=3536"}],"wp:term":[{"taxonomy":"category","embeddable":true,"href":"https:\/\/www.abrazpe.org.br\/index.php\/wp-json\/wp\/v2\/categories?post=3536"},{"taxonomy":"post_tag","embeddable":true,"href":"https:\/\/www.abrazpe.org.br\/index.php\/wp-json\/wp\/v2\/tags?post=3536"}],"curies":[{"name":"wp","href":"https:\/\/api.w.org\/{rel}","templated":true}]}}