{"id":3590,"date":"2020-03-25T22:06:16","date_gmt":"2020-03-26T01:06:16","guid":{"rendered":"https:\/\/www.abrazpe.org.br\/?p=3590"},"modified":"2020-03-25T22:06:18","modified_gmt":"2020-03-26T01:06:18","slug":"zpe-ceara-tem-operacao-mantida-e-implanta-medidas-de-prevencao-ao-coronavirus","status":"publish","type":"post","link":"https:\/\/www.abrazpe.org.br\/index.php\/2020\/03\/25\/zpe-ceara-tem-operacao-mantida-e-implanta-medidas-de-prevencao-ao-coronavirus\/","title":{"rendered":"ZPE Cear\u00e1 tem opera\u00e7\u00e3o mantida e implanta medidas de preven\u00e7\u00e3o ao coronav\u00edrus"},"content":{"rendered":"<p class=\"estimated-read-time\">Tempo de leitura:<small> 1 minuto<\/small><\/p> \n<p>A zona de processamento de exporta\u00e7\u00e3o em funcionamento no estado do Cear\u00e1 passa a adotar importantes medidas de combate ao novo coronav\u00edrus (Covid-19) ap\u00f3s delibera\u00e7\u00e3o do Comit\u00ea de Gest\u00e3o de Crises do Complexo do Pec\u00e9m, o qual a ZPE Cear\u00e1 faz parte.<\/p>\n\n\n\n<p>\u201cA ZPE Cear\u00e1 adotou novas medidas de seguran\u00e7a para tornar ainda mais rigoroso o controle quanto ao tr\u00e2nsito operacional em todo o seu per\u00edmetro. O objetivo \u00e9 manter todas as atividades das empresas instaladas na \u00e1rea da nossa zona de processamento de exporta\u00e7\u00e3o e assim evitarmos qualquer tipo de paralisa\u00e7\u00e3o, o que poderia causar incalcul\u00e1veis preju\u00edzos \u00e0 economia do estado do Cear\u00e1\u201d, diz Andr\u00e9a Freitas, diretora de Opera\u00e7\u00f5es da ZPE Cear\u00e1.<\/p>\n\n\n\n<p>Hoje existem tr\u00eas empresas instaladas na ZPE cearense: a Companhia Sider\u00fargica do Pec\u00e9m (CSP) \u2013 primeira sider\u00fargica do Nordeste; a White Martins \u2013 fabricante de gases industriais; e a Phoenix do Brazil \u2013 respons\u00e1vel pelo tratamento e reciclagem dos res\u00edduos sider\u00fargicos da produ\u00e7\u00e3o de a\u00e7o gerados pela sider\u00fargica. Juntas, essas empresas movimentaram em 2019 mais de 12 milh\u00f5es de toneladas atrav\u00e9s da ZPE Cear\u00e1.<\/p>\n\n\n\n<p>Leia mais<\/p>\n","protected":false},"excerpt":{"rendered":"<p><small> 1 minuto<\/small> A zona de processamento de exporta\u00e7\u00e3o em funcionamento no estado do Cear\u00e1 passa a adotar importantes medidas de combate ao novo coronav\u00edrus (Covid-19) ap\u00f3s delibera\u00e7\u00e3o do Comit\u00ea de Gest\u00e3o de Crises do Complexo do Pec\u00e9m, o qual a ZPE Cear\u00e1 faz parte. \u201cA ZPE Cear\u00e1 adotou novas medidas de seguran\u00e7a para tornar ainda mais rigoroso o controle quanto ao tr\u00e2nsito operacional em todo o seu per\u00edmetro. O objetivo \u00e9 manter todas as atividades das empresas instaladas na \u00e1rea da nossa zona de <a href=\"https:\/\/www.abrazpe.org.br\/index.php\/2020\/03\/25\/zpe-ceara-tem-operacao-mantida-e-implanta-medidas-de-prevencao-ao-coronavirus\/\" class=\"more-link\"><span>Continue lendo<\/span>\u2192<\/a><\/p>\n","protected":false},"author":4,"featured_media":3591,"comment_status":"closed","ping_status":"open","sticky":false,"template":"","format":"standard","meta":{"footnotes":""},"categories":[7],"tags":[],"class_list":["entry","author-adm_hb2018","post-3590","post","type-post","status-publish","format-standard","has-post-thumbnail","category-noticias"],"_links":{"self":[{"href":"https:\/\/www.abrazpe.org.br\/index.php\/wp-json\/wp\/v2\/posts\/3590","targetHints":{"allow":["GET"]}}],"collection":[{"href":"https:\/\/www.abrazpe.org.br\/index.php\/wp-json\/wp\/v2\/posts"}],"about":[{"href":"https:\/\/www.abrazpe.org.br\/index.php\/wp-json\/wp\/v2\/types\/post"}],"author":[{"embeddable":true,"href":"https:\/\/www.abrazpe.org.br\/index.php\/wp-json\/wp\/v2\/users\/4"}],"replies":[{"embeddable":true,"href":"https:\/\/www.abrazpe.org.br\/index.php\/wp-json\/wp\/v2\/comments?post=3590"}],"version-history":[{"count":1,"href":"https:\/\/www.abrazpe.org.br\/index.php\/wp-json\/wp\/v2\/posts\/3590\/revisions"}],"predecessor-version":[{"id":3592,"href":"https:\/\/www.abrazpe.org.br\/index.php\/wp-json\/wp\/v2\/posts\/3590\/revisions\/3592"}],"wp:featuredmedia":[{"embeddable":true,"href":"https:\/\/www.abrazpe.org.br\/index.php\/wp-json\/wp\/v2\/media\/3591"}],"wp:attachment":[{"href":"https:\/\/www.abrazpe.org.br\/index.php\/wp-json\/wp\/v2\/media?parent=3590"}],"wp:term":[{"taxonomy":"category","embeddable":true,"href":"https:\/\/www.abrazpe.org.br\/index.php\/wp-json\/wp\/v2\/categories?post=3590"},{"taxonomy":"post_tag","embeddable":true,"href":"https:\/\/www.abrazpe.org.br\/index.php\/wp-json\/wp\/v2\/tags?post=3590"}],"curies":[{"name":"wp","href":"https:\/\/api.w.org\/{rel}","templated":true}]}}