{"id":3870,"date":"2020-09-03T20:28:42","date_gmt":"2020-09-03T23:28:42","guid":{"rendered":"https:\/\/www.abrazpe.org.br\/?p=3870"},"modified":"2020-09-04T21:06:28","modified_gmt":"2020-09-05T00:06:28","slug":"zpe-ceara-completa-sete-anos-de-operacao-entrega-do-setor-2-e-prevista-para-2021","status":"publish","type":"post","link":"https:\/\/www.abrazpe.org.br\/index.php\/2020\/09\/03\/zpe-ceara-completa-sete-anos-de-operacao-entrega-do-setor-2-e-prevista-para-2021\/","title":{"rendered":"ZPE Cear\u00e1 completa sete anos de opera\u00e7\u00e3o; entrega do setor 2 \u00e9 prevista para 2021"},"content":{"rendered":"<p class=\"estimated-read-time\">Tempo de leitura:<small> 2 minutos<\/small><\/p> \n<p>A Zona de Processamento de Exporta\u00e7\u00e3o (ZPE) do Cear\u00e1 completou sete anos de funcionamento, neste domingo (30). Destaque no Pa\u00eds, a expans\u00e3o da ZPE (setor II) deve ser entregue at\u00e9 o segundo semestre de 2021, conforme cronograma do Governo do Estado.<\/p>\n\n\n\n<p>S\u00e3o mais de 48 milh\u00f5es de toneladas de cargas movimentadas e a perspectiva \u00e9 de crescimento anual. Entre as mercadorias que entram e saem pela \u00e1rea de livre com\u00e9rcio cearense est\u00e3o min\u00e9rio de ferro, carv\u00e3o mineral, placas de a\u00e7o, gases industriais, dentre outros. Entre janeiro e julho deste ano, foram registradas aproximadamente 6,5 milh\u00f5es de toneladas movimentadas.&nbsp;<\/p>\n\n\n\n<p>\u201cEste ano, por causa da pandemia, vimos o setor econ\u00f4mico mundial ser afetado diretamente, mas n\u00e3o paramos. As opera\u00e7\u00f5es da ZPE continuaram e o trabalho administrativo foi realizado remotamente\u201d, destaca o diretor-presidente da empresa, M\u00e1rio Lima, lembrando que o momento de de prospec\u00e7\u00e3o de neg\u00f3cios para o setor II, inclusive empreendimentos de m\u00e9dio e pequeno porte. A obra da expans\u00e3o est\u00e1, atualmente, com cerca de 15% de conclus\u00e3o.&nbsp;<\/p>\n\n\n\n<p>Segundo a diretora de opera\u00e7\u00f5es, Andr\u00e9a Freitas, um grande destaque no primeiro semestre deste ano foi o oxig\u00eanio produzido pela White Martins, uma das instaladas na ZPE. \u201cObservamos que a demanda pelo material aumentou por causa da pandemia. A produ\u00e7\u00e3o e movimenta\u00e7\u00e3o adquiriram grande relev\u00e2ncia no abastecimento de hospitais e unidades de sa\u00fade para tratar pessoas infectadas com o coronav\u00edrus. Em compara\u00e7\u00e3o ao per\u00edodo de janeiro a julho de 2019, o aumento na produ\u00e7\u00e3o do g\u00e1s este ano foi de 32,5%, chegando a quase 17 mil toneladas movimentadas\u201d, diz a diretora.<\/p>\n\n\n\n<p>Investimentos em tecnologia da informa\u00e7\u00e3o, log\u00edstica aduaneira e seguran\u00e7a da informa\u00e7\u00e3o e prote\u00e7\u00e3o de dados s\u00e3o destacados pela gest\u00e3o. Um dos aperfei\u00e7oamentos implementados foi o acesso aos port\u00f5es principais da empresa com identifica\u00e7\u00e3o e verifica\u00e7\u00e3o de dados atrav\u00e9s de smartphones com leitura de QR-Code. \u201cA nova medida traz mais agilidade, efici\u00eancia e seguran\u00e7a \u00e0s opera\u00e7\u00f5es. Entendemos as necessidades dos nossos clientes e buscamos conduzir nossas pr\u00e1ticas sempre com o foco na seguran\u00e7a, sa\u00fade das pessoas. Com as melhorias, tornamos o trabalho realizado aqui no Estado mais atrativo para poss\u00edveis investidores\u201d, pontua Andr\u00e9a.&nbsp;<\/p>\n\n\n\n<p>A ZPE Cear\u00e1 \u00e9 empresa subsidi\u00e1ria do Complexo do Pec\u00e9m, composto tamb\u00e9m por uma \u00c1rea Industrial e pelo Porto do Pec\u00e9m. Com a chegada do Porto de Roterd\u00e3, que \u00e9 acionista (30%) do complexo, junto com o Governo do Estado (70%), mudan\u00e7as no modelo de gest\u00e3o foram aplicadas. Com a integra\u00e7\u00e3o das duas empresas, um Centro de Servi\u00e7o Compartilhado \u2013 CSC foi implementado. \u201cAlguns setores foram unificados, como Recursos Humanos, Comunica\u00e7\u00e3o e Financeiro, possibilitando uma harmoniza\u00e7\u00e3o no que se refere a gest\u00e3o de pessoas, al\u00e9m de possibilitar agilidade, padroniza\u00e7\u00e3o de entregas para p\u00fablico interno e externo e aumento na produtividade da empresa\u201d, destaca o diretor de governan\u00e7a, Roberto de Castro.<\/p>\n\n\n\n<p><a href=\"https:\/\/ootimista.com.br\/economia\/zpe-ceara-completa-sete-anos-de-operacao-entrega-do-setor-2-e-prevista-para-2021\/\">Leia mais<\/a><\/p>\n","protected":false},"excerpt":{"rendered":"<p><small> 2 minutos<\/small> A Zona de Processamento de Exporta\u00e7\u00e3o (ZPE) do Cear\u00e1 completou sete anos de funcionamento, neste domingo (30). Destaque no Pa\u00eds, a expans\u00e3o da ZPE (setor II) deve ser entregue at\u00e9 o segundo semestre de 2021, conforme cronograma do Governo do Estado. S\u00e3o mais de 48 milh\u00f5es de toneladas de cargas movimentadas e a perspectiva \u00e9 de crescimento anual. Entre as mercadorias que entram e saem pela \u00e1rea de livre com\u00e9rcio cearense est\u00e3o min\u00e9rio de ferro, carv\u00e3o mineral, placas de a\u00e7o, gases industriais, <a href=\"https:\/\/www.abrazpe.org.br\/index.php\/2020\/09\/03\/zpe-ceara-completa-sete-anos-de-operacao-entrega-do-setor-2-e-prevista-para-2021\/\" class=\"more-link\"><span>Continue lendo<\/span>\u2192<\/a><\/p>\n","protected":false},"author":4,"featured_media":3871,"comment_status":"closed","ping_status":"open","sticky":false,"template":"","format":"standard","meta":{"footnotes":""},"categories":[7],"tags":[],"class_list":["entry","author-adm_hb2018","post-3870","post","type-post","status-publish","format-standard","has-post-thumbnail","category-noticias"],"_links":{"self":[{"href":"https:\/\/www.abrazpe.org.br\/index.php\/wp-json\/wp\/v2\/posts\/3870","targetHints":{"allow":["GET"]}}],"collection":[{"href":"https:\/\/www.abrazpe.org.br\/index.php\/wp-json\/wp\/v2\/posts"}],"about":[{"href":"https:\/\/www.abrazpe.org.br\/index.php\/wp-json\/wp\/v2\/types\/post"}],"author":[{"embeddable":true,"href":"https:\/\/www.abrazpe.org.br\/index.php\/wp-json\/wp\/v2\/users\/4"}],"replies":[{"embeddable":true,"href":"https:\/\/www.abrazpe.org.br\/index.php\/wp-json\/wp\/v2\/comments?post=3870"}],"version-history":[{"count":1,"href":"https:\/\/www.abrazpe.org.br\/index.php\/wp-json\/wp\/v2\/posts\/3870\/revisions"}],"predecessor-version":[{"id":3872,"href":"https:\/\/www.abrazpe.org.br\/index.php\/wp-json\/wp\/v2\/posts\/3870\/revisions\/3872"}],"wp:featuredmedia":[{"embeddable":true,"href":"https:\/\/www.abrazpe.org.br\/index.php\/wp-json\/wp\/v2\/media\/3871"}],"wp:attachment":[{"href":"https:\/\/www.abrazpe.org.br\/index.php\/wp-json\/wp\/v2\/media?parent=3870"}],"wp:term":[{"taxonomy":"category","embeddable":true,"href":"https:\/\/www.abrazpe.org.br\/index.php\/wp-json\/wp\/v2\/categories?post=3870"},{"taxonomy":"post_tag","embeddable":true,"href":"https:\/\/www.abrazpe.org.br\/index.php\/wp-json\/wp\/v2\/tags?post=3870"}],"curies":[{"name":"wp","href":"https:\/\/api.w.org\/{rel}","templated":true}]}}