{"id":3928,"date":"2020-09-22T22:15:22","date_gmt":"2020-09-23T01:15:22","guid":{"rendered":"https:\/\/www.abrazpe.org.br\/?p=3928"},"modified":"2020-09-22T22:15:24","modified_gmt":"2020-09-23T01:15:24","slug":"camara-aprova-medida-que-dispensa-exportacao-minima-para-empresas-em-zpes","status":"publish","type":"post","link":"https:\/\/www.abrazpe.org.br\/index.php\/2020\/09\/22\/camara-aprova-medida-que-dispensa-exportacao-minima-para-empresas-em-zpes\/","title":{"rendered":"C\u00e2mara aprova medida que dispensa exporta\u00e7\u00e3o m\u00ednima para empresas em ZPEs"},"content":{"rendered":"<p class=\"estimated-read-time\">Tempo de leitura:<small> 2 minutos<\/small><\/p> \n<p>A&nbsp;<a href=\"https:\/\/g1.globo.com\/tudo-sobre\/camara-dos-deputados\/\"><strong>C\u00e2mara dos Deputados<\/strong><\/a>aprovou nesta ter\u00e7a-feira (22) a medida provis\u00f3ria (MP) que dispensa as empresas em Zonas de Processamento de Exporta\u00e7\u00e3o (ZPEs) do cumprimento do percentual m\u00ednimo de exporta\u00e7\u00e3o.&nbsp;ZPEs s\u00e3o \u00e1reas de livre com\u00e9rcio de importa\u00e7\u00e3o e exporta\u00e7\u00e3o, destinadas a empresas que se especializam na produ\u00e7\u00e3o de bens a serem comercializados no exterior.<\/p>\n\n\n\n<p>Antes da MP, as empresas precisavam cumprir o percentual m\u00ednimo de 80% da receita bruta vinculado \u00e0 exporta\u00e7\u00e3o. A MP, segundo o governo, diminui preju\u00edzos causados pela crise do novo coronav\u00edrus.&nbsp;O texto segue para o Senado. A MP precisa ser aprovada at\u00e9 quinta-feira (24) para n\u00e3o perder validade.&nbsp;<\/p>\n\n\n\n<p>Na C\u00e2mara, o texto foi aprovado como enviado pelo Executivo. Sob o risco de perder a validade e sem acordo para o parecer feito pelo deputado Julio Cesar Ribeiro (Republicanos-DF), o governo fez um apelo para que se resgatasse o texto original, acordado pelos l\u00edderes.&nbsp;<\/p>\n\n\n\n<p>Ao enviar a medida provis\u00f3ria para o Congresso, o governo argumentou que a dispensa do compromisso de exporta\u00e7\u00e3o pode diminuir os preju\u00edzos com a queda das exporta\u00e7\u00f5es causadas pela pandemia do coronav\u00edrus.&nbsp;A justificativa cita uma previs\u00e3o da Organiza\u00e7\u00e3o Mundial de Com\u00e9rcio segundo a qual, em 2020, haver\u00e1 queda no com\u00e9rcio global entre 12,9% e 31,9% devido \u00e0 crise causada pela Covid-19.&nbsp;<\/p>\n\n\n\n<p>&#8220;A permiss\u00e3o excepcional para que as ind\u00fastrias operando em Zona de Processamento de Exporta\u00e7\u00e3o possam substituir parte das exporta\u00e7\u00f5es que venham a ser perdidas por vendas no mercado interno poder\u00e1 amortecer parte do impacto negativo da pandemia de coronav\u00edrus Covid-19 nas opera\u00e7\u00f5es das referidas ind\u00fastrias&#8221;, diz a justificativa do Executivo.&nbsp;<\/p>\n\n\n\n<p>Al\u00e9m disso, o governo afirma que a MP tamb\u00e9m pode refor\u00e7ar a oferta de oxig\u00eanio medicinal no pa\u00eds.\u00a0Segundo o Executivo, uma das maiores plantas criog\u00eanicas de destila\u00e7\u00e3o de gases atmosf\u00e9ricos da Am\u00e9rica Latina atua na Zona de Processamento de Exporta\u00e7\u00e3o do Pec\u00e9m, no munic\u00edpio de S\u00e3o Gon\u00e7alo do Amarante, no Cear\u00e1.<\/p>\n\n\n\n<p><a href=\"https:\/\/g1.globo.com\/politica\/noticia\/2020\/09\/22\/camara-aprova-mp-que-dispensa-empresas-de-cumprir-exportacao-minima-em-zpes.ghtml\">Leia mais<\/a><\/p>\n","protected":false},"excerpt":{"rendered":"<p><small> 2 minutos<\/small> A&nbsp;C\u00e2mara dos Deputadosaprovou nesta ter\u00e7a-feira (22) a medida provis\u00f3ria (MP) que dispensa as empresas em Zonas de Processamento de Exporta\u00e7\u00e3o (ZPEs) do cumprimento do percentual m\u00ednimo de exporta\u00e7\u00e3o.&nbsp;ZPEs s\u00e3o \u00e1reas de livre com\u00e9rcio de importa\u00e7\u00e3o e exporta\u00e7\u00e3o, destinadas a empresas que se especializam na produ\u00e7\u00e3o de bens a serem comercializados no exterior. Antes da MP, as empresas precisavam cumprir o percentual m\u00ednimo de 80% da receita bruta vinculado \u00e0 exporta\u00e7\u00e3o. A MP, segundo o governo, diminui preju\u00edzos causados pela crise do novo <a href=\"https:\/\/www.abrazpe.org.br\/index.php\/2020\/09\/22\/camara-aprova-medida-que-dispensa-exportacao-minima-para-empresas-em-zpes\/\" class=\"more-link\"><span>Continue lendo<\/span>\u2192<\/a><\/p>\n","protected":false},"author":4,"featured_media":3929,"comment_status":"closed","ping_status":"open","sticky":false,"template":"","format":"standard","meta":{"footnotes":""},"categories":[7],"tags":[],"class_list":["entry","author-adm_hb2018","post-3928","post","type-post","status-publish","format-standard","has-post-thumbnail","category-noticias"],"_links":{"self":[{"href":"https:\/\/www.abrazpe.org.br\/index.php\/wp-json\/wp\/v2\/posts\/3928","targetHints":{"allow":["GET"]}}],"collection":[{"href":"https:\/\/www.abrazpe.org.br\/index.php\/wp-json\/wp\/v2\/posts"}],"about":[{"href":"https:\/\/www.abrazpe.org.br\/index.php\/wp-json\/wp\/v2\/types\/post"}],"author":[{"embeddable":true,"href":"https:\/\/www.abrazpe.org.br\/index.php\/wp-json\/wp\/v2\/users\/4"}],"replies":[{"embeddable":true,"href":"https:\/\/www.abrazpe.org.br\/index.php\/wp-json\/wp\/v2\/comments?post=3928"}],"version-history":[{"count":1,"href":"https:\/\/www.abrazpe.org.br\/index.php\/wp-json\/wp\/v2\/posts\/3928\/revisions"}],"predecessor-version":[{"id":3930,"href":"https:\/\/www.abrazpe.org.br\/index.php\/wp-json\/wp\/v2\/posts\/3928\/revisions\/3930"}],"wp:featuredmedia":[{"embeddable":true,"href":"https:\/\/www.abrazpe.org.br\/index.php\/wp-json\/wp\/v2\/media\/3929"}],"wp:attachment":[{"href":"https:\/\/www.abrazpe.org.br\/index.php\/wp-json\/wp\/v2\/media?parent=3928"}],"wp:term":[{"taxonomy":"category","embeddable":true,"href":"https:\/\/www.abrazpe.org.br\/index.php\/wp-json\/wp\/v2\/categories?post=3928"},{"taxonomy":"post_tag","embeddable":true,"href":"https:\/\/www.abrazpe.org.br\/index.php\/wp-json\/wp\/v2\/tags?post=3928"}],"curies":[{"name":"wp","href":"https:\/\/api.w.org\/{rel}","templated":true}]}}