{"id":3970,"date":"2020-10-16T16:47:12","date_gmt":"2020-10-16T19:47:12","guid":{"rendered":"https:\/\/www.abrazpe.org.br\/?p=3970"},"modified":"2020-10-16T16:48:47","modified_gmt":"2020-10-16T19:48:47","slug":"estado-e-receita-federal-discutem-permissao-para-zpe-de-barcarena","status":"publish","type":"post","link":"https:\/\/www.abrazpe.org.br\/index.php\/2020\/10\/16\/estado-e-receita-federal-discutem-permissao-para-zpe-de-barcarena\/","title":{"rendered":"Estado e Receita Federal discutem permiss\u00e3o para ZPE de Barcarena"},"content":{"rendered":"<p class=\"estimated-read-time\">Tempo de leitura:<small> 1 minuto<\/small><\/p> \n<p>A Companhia de Desenvolvimento Econ\u00f4mico do Par\u00e1 (Codec) d\u00e1 continuidade \u00e0s etapas de implanta\u00e7\u00e3o da Zona de Processamento de Exporta\u00e7\u00f5es do Par\u00e1 (ZPE) de Barcarena, no nordeste paraense. Nesta quinta-feira (15), o diretor de Estrat\u00e9gia e Rela\u00e7\u00f5es Institucionais, P\u00e1dua Rodrigues; o diretor T\u00e9cnico, Raimundo Wanderley, e o assessor Vitor Hugo Gomes estiveram na Superintend\u00eancia da 2\u00aa Regi\u00e3o Fiscal da Receita Federal, em Bel\u00e9m, para tratar do processo de alfandegamento da futura zona de exporta\u00e7\u00f5es do Par\u00e1.<\/p>\n\n\n\n<p>Uma das etapas para a instala\u00e7\u00e3o da ZPE, o alfandegamento significa a permiss\u00e3o, por parte da Receita Federal, para o tr\u00e2nsito de ve\u00edculos transportadores, pessoas e cargas procedentes ou destinados ao exterior, incluindo a movimenta\u00e7\u00e3o, armazenagem, submiss\u00e3o e despacho aduaneiro de mercadorias (a libera\u00e7\u00e3o para a entrada e sa\u00edda de mercadorias do pa\u00eds).<\/p>\n\n\n\n<p>A reuni\u00e3o teve a participa\u00e7\u00e3o dos superintendentes adjuntos da Receita Federal, Marcus Aur\u00e9lio Antunes e Leonardo Barbosa Frota; do delegado da Alf\u00e2ndega, Ant\u00f4nio Marcos Lima; do auditor fiscal e chefe da Divis\u00e3o Aduaneira, Tito Marcus Coelho, e o auditor fiscal e encarregado de Alfandegamento na Alf\u00e2ndega de Bel\u00e9m, Humberto Nazareno.<\/p>\n\n\n\n<p>P\u00e1dua Rodrigues fez uma breve exposi\u00e7\u00e3o do projeto, e ao final solicitou a colabora\u00e7\u00e3o da Receita Federal na an\u00e1lise do documento, que ser\u00e1 essencial para o processo licitat\u00f3rio de alfandegamento. \u201cO nosso objetivo na Receita Federal \u00e9 solicitar orienta\u00e7\u00f5es quanto ao projeto de alfandegamento, que ser\u00e1 iniciado por n\u00f3s por meio de uma licita\u00e7\u00e3o, que ser\u00e1 lan\u00e7ada em breve. Estamos apresentando a base desse projeto para que seja analisada pela Receita, e assim sigamos com esse processo de alfandegamento do m\u00f3dulo 1 da ZPE de Barcarena\u201d, explicou o diretor.<\/p>\n\n\n\n<p>O superintendente Leonardo Frota disse que o \u00f3rg\u00e3o federal analisar\u00e1 o documento para que o projeto da ZPE avance. \u201cA Receita vai oferecer orienta\u00e7\u00e3o por meio da an\u00e1lise desse material apresentado, para que, sob um olhar t\u00e9cnico, possamos contribuir com esse processo\u201d, informou.<\/p>\n\n\n\n<p><a href=\"https:\/\/agenciapara.com.br\/noticia\/22826\/\">Leia mais<\/a><\/p>\n","protected":false},"excerpt":{"rendered":"<p><small> 1 minuto<\/small> A Companhia de Desenvolvimento Econ\u00f4mico do Par\u00e1 (Codec) d\u00e1 continuidade \u00e0s etapas de implanta\u00e7\u00e3o da Zona de Processamento de Exporta\u00e7\u00f5es do Par\u00e1 (ZPE) de Barcarena, no nordeste paraense. Nesta quinta-feira (15), o diretor de Estrat\u00e9gia e Rela\u00e7\u00f5es Institucionais, P\u00e1dua Rodrigues; o diretor T\u00e9cnico, Raimundo Wanderley, e o assessor Vitor Hugo Gomes estiveram na Superintend\u00eancia da 2\u00aa Regi\u00e3o Fiscal da Receita Federal, em Bel\u00e9m, para tratar do processo de alfandegamento da futura zona de exporta\u00e7\u00f5es do Par\u00e1. Uma das etapas para a instala\u00e7\u00e3o <a href=\"https:\/\/www.abrazpe.org.br\/index.php\/2020\/10\/16\/estado-e-receita-federal-discutem-permissao-para-zpe-de-barcarena\/\" class=\"more-link\"><span>Continue lendo<\/span>\u2192<\/a><\/p>\n","protected":false},"author":4,"featured_media":3972,"comment_status":"closed","ping_status":"open","sticky":false,"template":"","format":"standard","meta":{"footnotes":""},"categories":[7],"tags":[],"class_list":["entry","author-adm_hb2018","post-3970","post","type-post","status-publish","format-standard","has-post-thumbnail","category-noticias"],"_links":{"self":[{"href":"https:\/\/www.abrazpe.org.br\/index.php\/wp-json\/wp\/v2\/posts\/3970","targetHints":{"allow":["GET"]}}],"collection":[{"href":"https:\/\/www.abrazpe.org.br\/index.php\/wp-json\/wp\/v2\/posts"}],"about":[{"href":"https:\/\/www.abrazpe.org.br\/index.php\/wp-json\/wp\/v2\/types\/post"}],"author":[{"embeddable":true,"href":"https:\/\/www.abrazpe.org.br\/index.php\/wp-json\/wp\/v2\/users\/4"}],"replies":[{"embeddable":true,"href":"https:\/\/www.abrazpe.org.br\/index.php\/wp-json\/wp\/v2\/comments?post=3970"}],"version-history":[{"count":2,"href":"https:\/\/www.abrazpe.org.br\/index.php\/wp-json\/wp\/v2\/posts\/3970\/revisions"}],"predecessor-version":[{"id":3974,"href":"https:\/\/www.abrazpe.org.br\/index.php\/wp-json\/wp\/v2\/posts\/3970\/revisions\/3974"}],"wp:featuredmedia":[{"embeddable":true,"href":"https:\/\/www.abrazpe.org.br\/index.php\/wp-json\/wp\/v2\/media\/3972"}],"wp:attachment":[{"href":"https:\/\/www.abrazpe.org.br\/index.php\/wp-json\/wp\/v2\/media?parent=3970"}],"wp:term":[{"taxonomy":"category","embeddable":true,"href":"https:\/\/www.abrazpe.org.br\/index.php\/wp-json\/wp\/v2\/categories?post=3970"},{"taxonomy":"post_tag","embeddable":true,"href":"https:\/\/www.abrazpe.org.br\/index.php\/wp-json\/wp\/v2\/tags?post=3970"}],"curies":[{"name":"wp","href":"https:\/\/api.w.org\/{rel}","templated":true}]}}