{"id":4085,"date":"2021-01-30T20:15:47","date_gmt":"2021-01-30T23:15:47","guid":{"rendered":"https:\/\/www.abrazpe.org.br\/?p=4085"},"modified":"2021-01-30T20:15:49","modified_gmt":"2021-01-30T23:15:49","slug":"governo-do-acre-tera-apoio-do-ibrachina-para-comercializar-zona-de-processamento-de-exportacao","status":"publish","type":"post","link":"https:\/\/www.abrazpe.org.br\/index.php\/2021\/01\/30\/governo-do-acre-tera-apoio-do-ibrachina-para-comercializar-zona-de-processamento-de-exportacao\/","title":{"rendered":"Governo do Acre ter\u00e1 apoio do Ibrachina para comercializar zona de processamento de exporta\u00e7\u00e3o"},"content":{"rendered":"<p class=\"estimated-read-time\">Tempo de leitura:<small> 3 minutos<\/small><\/p> \n<p>O Governo do Acre se reuniu com o Instituto Sociocultural Brasil-China (Ibrachina) para buscar apoio na atra\u00e7\u00e3o de investidores estrangeiros. O objetivo \u00e9 realizar a venda e captar investimentos na Zona de Processamento de Exporta\u00e7\u00e3o (ZPE) do estado. A reuni\u00e3o aconteceu nesta quarta-feira, 27, na sua sede do Instituto em S\u00e3o Paulo. Representaram o Acre Anderson Abreu, secret\u00e1rio de Ci\u00eancia e Tecnologia; Jo\u00e3o Setti, procurador-geral; Alysson Bestene, secret\u00e1rio da Sa\u00fade; e Erick Ven\u00e2ncio, presidente da OAB do Acre.<\/p>\n\n\n\n<p>O projeto foi apresentado durante o encontro. Segundo a comitiva do governo, a busca da parceria com o Ibrachina deve-se \u00e0s boas rela\u00e7\u00f5es do Instituto com empresas e autoridades estrangeiras. \u201cN\u00f3s valorizamos a contribui\u00e7\u00e3o dos chineses no Brasil. Por isso, estamos aqui para pedir esse apoio. Precisamos gerar emprego e renda no Acre\u201d, destacou Abreu.<\/p>\n\n\n\n<p>O secret\u00e1rio enfatizou as vantagens log\u00edsticas do empreendimento no estado. \u201cTemos um diferencial grande que \u00e9 uma localiza\u00e7\u00e3o pr\u00f3xima ao Peru e Bol\u00edvia. Temos proximidade com os portos peruanos, algo que facilita a log\u00edstica. Al\u00e9m desses pa\u00edses, podemos levar nossos produtos para a China e trazer mais produtos chineses ao Brasil. O Acre deseja alavancar o com\u00e9rcio exterior. Por todas essas facilidades que o Acre oferece, podemos ampliar nossa participa\u00e7\u00e3o nos mercados asi\u00e1ticos e europeus\u201d.<\/p>\n\n\n\n<p>Thomas Law, presidente do Ibrachina, acredita que h\u00e1 uma grande oportunidade de promover o desenvolvimento do estado com parcerias s\u00f3lidas para a ZPE. Entre as a\u00e7\u00f5es que o Instituto estuda realizar est\u00e3o a organiza\u00e7\u00e3o de roadshows, apresentando as oportunidades para empresas estrangeiras, em diversas l\u00ednguas. \u201cFaremos tudo que pudermos para estimular o desenvolvimento sustent\u00e1vel do Brasil. Esta \u00e9 uma oportunidade interessante para todos, porque abre uma nova rota para o transporte de commodities atrav\u00e9s do Pac\u00edfico\u201d, afirmou.<\/p>\n\n\n\n<p>O presidente do Instituto destaca a import\u00e2ncia log\u00edstica da ZPE. \u201cA localiza\u00e7\u00e3o \u00e9 fant\u00e1stica. Permite criar uma \u00e1rea de livre circula\u00e7\u00e3o de produtos vindos do Peru e da Bol\u00edvia. Um dos pontos que mais precisa de investimento em nosso pa\u00eds \u00e9 a log\u00edstica, a infraestrutura. Por isso o apoio do Governo Federal ser\u00e1 de fundamental import\u00e2ncia. \u00c9 isso que vamos buscar nas pr\u00f3ximas semanas\u201d, enfatizou Thomas.<\/p>\n\n\n\n<p>O secret\u00e1rio Anderson Abreu demonstrou otimismo com as possibilidades de aproxima\u00e7\u00e3o direta com a China. Informou que o governador Gladson Cameli recebeu do&nbsp;Minist\u00e9rio da Economia \u201csinal verde\u201d para prosseguir com medidas para a venda da ZPE em 13 de janeiro. Entre os produtos cujas exporta\u00e7\u00f5es podem se beneficiar da ZPE est\u00e3o as carnes, a Ind\u00fastria de Peixes da Amaz\u00f4nia e a madeira.<\/p>\n\n\n\n<p>O procurador-geral Jo\u00e3o Paulo Setti explica que o modelo criado a ZPE visa apenas a transforma\u00e7\u00e3o dos produtos, por isso n\u00e3o atraiu investidores de peso ao Acre. \u201cO governo do Acre precisa que algu\u00e9m assuma a propriedade. Estamos em momento decisivo. O Governo Federal j\u00e1 sinalizou incentivos para que haja esse desenvolvimento na regi\u00e3o por meio da ZPE. O Acre tamb\u00e9m abriu m\u00e3o de boa parte dos impostos para facilitar as negocia\u00e7\u00f5es. Temos tudo para dar certo\u201d.<\/p>\n\n\n\n<p><a href=\"https:\/\/ibrachina.com.br\/noticia\/acre-tera-apoio-em-zona-de-processamento-de-exportacao\/\">Leia mais<\/a><\/p>\n","protected":false},"excerpt":{"rendered":"<p><small> 3 minutos<\/small> O Governo do Acre se reuniu com o Instituto Sociocultural Brasil-China (Ibrachina) para buscar apoio na atra\u00e7\u00e3o de investidores estrangeiros. O objetivo \u00e9 realizar a venda e captar investimentos na Zona de Processamento de Exporta\u00e7\u00e3o (ZPE) do estado. A reuni\u00e3o aconteceu nesta quarta-feira, 27, na sua sede do Instituto em S\u00e3o Paulo. Representaram o Acre Anderson Abreu, secret\u00e1rio de Ci\u00eancia e Tecnologia; Jo\u00e3o Setti, procurador-geral; Alysson Bestene, secret\u00e1rio da Sa\u00fade; e Erick Ven\u00e2ncio, presidente da OAB do Acre. O projeto foi apresentado <a href=\"https:\/\/www.abrazpe.org.br\/index.php\/2021\/01\/30\/governo-do-acre-tera-apoio-do-ibrachina-para-comercializar-zona-de-processamento-de-exportacao\/\" class=\"more-link\"><span>Continue lendo<\/span>\u2192<\/a><\/p>\n","protected":false},"author":4,"featured_media":4087,"comment_status":"closed","ping_status":"open","sticky":false,"template":"","format":"standard","meta":{"footnotes":""},"categories":[7],"tags":[],"class_list":["entry","author-adm_hb2018","post-4085","post","type-post","status-publish","format-standard","has-post-thumbnail","category-noticias"],"_links":{"self":[{"href":"https:\/\/www.abrazpe.org.br\/index.php\/wp-json\/wp\/v2\/posts\/4085","targetHints":{"allow":["GET"]}}],"collection":[{"href":"https:\/\/www.abrazpe.org.br\/index.php\/wp-json\/wp\/v2\/posts"}],"about":[{"href":"https:\/\/www.abrazpe.org.br\/index.php\/wp-json\/wp\/v2\/types\/post"}],"author":[{"embeddable":true,"href":"https:\/\/www.abrazpe.org.br\/index.php\/wp-json\/wp\/v2\/users\/4"}],"replies":[{"embeddable":true,"href":"https:\/\/www.abrazpe.org.br\/index.php\/wp-json\/wp\/v2\/comments?post=4085"}],"version-history":[{"count":1,"href":"https:\/\/www.abrazpe.org.br\/index.php\/wp-json\/wp\/v2\/posts\/4085\/revisions"}],"predecessor-version":[{"id":4088,"href":"https:\/\/www.abrazpe.org.br\/index.php\/wp-json\/wp\/v2\/posts\/4085\/revisions\/4088"}],"wp:featuredmedia":[{"embeddable":true,"href":"https:\/\/www.abrazpe.org.br\/index.php\/wp-json\/wp\/v2\/media\/4087"}],"wp:attachment":[{"href":"https:\/\/www.abrazpe.org.br\/index.php\/wp-json\/wp\/v2\/media?parent=4085"}],"wp:term":[{"taxonomy":"category","embeddable":true,"href":"https:\/\/www.abrazpe.org.br\/index.php\/wp-json\/wp\/v2\/categories?post=4085"},{"taxonomy":"post_tag","embeddable":true,"href":"https:\/\/www.abrazpe.org.br\/index.php\/wp-json\/wp\/v2\/tags?post=4085"}],"curies":[{"name":"wp","href":"https:\/\/api.w.org\/{rel}","templated":true}]}}