{"id":4146,"date":"2021-03-22T20:57:37","date_gmt":"2021-03-22T23:57:37","guid":{"rendered":"https:\/\/www.abrazpe.org.br\/?p=4146"},"modified":"2021-03-22T21:00:41","modified_gmt":"2021-03-23T00:00:41","slug":"ilheus-proposta-para-novo-marco-legal-da-zpe-e-apresentada-em-videoconferencia","status":"publish","type":"post","link":"https:\/\/www.abrazpe.org.br\/index.php\/2021\/03\/22\/ilheus-proposta-para-novo-marco-legal-da-zpe-e-apresentada-em-videoconferencia\/","title":{"rendered":"Ilh\u00e9us: Proposta para novo marco legal da ZPE \u00e9 apresentada em videoconfer\u00eancia"},"content":{"rendered":"<p class=\"estimated-read-time\">Tempo de leitura:<small> menos de 1 minuto<\/small><\/p> \n<p>O prefeito M\u00e1rio Alexandre participou na tarde desta segunda-feira, 22, de uma videoconfer\u00eancia representando o munic\u00edpio de Ilh\u00e9us para conhecer a proposta do governo federal para o aperfei\u00e7oamento do marco legal do regime brasileiro de Zona de Processamento e Exporta\u00e7\u00e3o (ZPE). Participou do encontro o grupo de trabalho composto por autoridades competentes da Uni\u00e3o, representantes da ZPE, com as presen\u00e7as dos governos estaduais e municipais, e empresas administradoras da ZPE.&nbsp;<\/p>\n\n\n\n<p>Com essa iniciativa, o governo federal busca o apoio dos munic\u00edpios, que det\u00e9m a autoriza\u00e7\u00e3o de funcionamento da ZPE, para que por meio do contato com deputados e senadores da base, a proposta desse novo marco legal que&nbsp; est\u00e1 sendo encaminhada para a C\u00e2mara dos Deputados, possa ser aprovada no Congresso Nacional.&nbsp;<\/p>\n\n\n\n<p>&#8220;Acreditamos que a ZPE possa decolar, tendo em vista os investimentos em infraestrutura que est\u00e3o sendo feitos em Ilh\u00e9us com o Porto Sul e a FIOL&#8221;, destacou o prefeito M\u00e1rio Alexandre.&nbsp;<\/p>\n\n\n\n<p><a href=\"https:\/\/www.ilheus.ba.gov.br\/detalhe-da-materia\/info\/ilheus-proposta-para-\" data-type=\"URL\" data-id=\"https:\/\/www.ilheus.ba.gov.br\/detalhe-da-materia\/info\/ilheus-proposta-para-\">Leia mais<\/a><\/p>\n","protected":false},"excerpt":{"rendered":"<p><small> menos de 1 minuto<\/small> O prefeito M\u00e1rio Alexandre participou na tarde desta segunda-feira, 22, de uma videoconfer\u00eancia representando o munic\u00edpio de Ilh\u00e9us para conhecer a proposta do governo federal para o aperfei\u00e7oamento do marco legal do regime brasileiro de Zona de Processamento e Exporta\u00e7\u00e3o (ZPE). Participou do encontro o grupo de trabalho composto por autoridades competentes da Uni\u00e3o, representantes da ZPE, com as presen\u00e7as dos governos estaduais e municipais, e empresas administradoras da ZPE.&nbsp; Com essa iniciativa, o governo federal busca o apoio dos <a href=\"https:\/\/www.abrazpe.org.br\/index.php\/2021\/03\/22\/ilheus-proposta-para-novo-marco-legal-da-zpe-e-apresentada-em-videoconferencia\/\" class=\"more-link\"><span>Continue lendo<\/span>\u2192<\/a><\/p>\n","protected":false},"author":4,"featured_media":4147,"comment_status":"closed","ping_status":"open","sticky":false,"template":"","format":"standard","meta":{"footnotes":""},"categories":[7],"tags":[],"class_list":["entry","author-adm_hb2018","post-4146","post","type-post","status-publish","format-standard","has-post-thumbnail","category-noticias"],"_links":{"self":[{"href":"https:\/\/www.abrazpe.org.br\/index.php\/wp-json\/wp\/v2\/posts\/4146","targetHints":{"allow":["GET"]}}],"collection":[{"href":"https:\/\/www.abrazpe.org.br\/index.php\/wp-json\/wp\/v2\/posts"}],"about":[{"href":"https:\/\/www.abrazpe.org.br\/index.php\/wp-json\/wp\/v2\/types\/post"}],"author":[{"embeddable":true,"href":"https:\/\/www.abrazpe.org.br\/index.php\/wp-json\/wp\/v2\/users\/4"}],"replies":[{"embeddable":true,"href":"https:\/\/www.abrazpe.org.br\/index.php\/wp-json\/wp\/v2\/comments?post=4146"}],"version-history":[{"count":2,"href":"https:\/\/www.abrazpe.org.br\/index.php\/wp-json\/wp\/v2\/posts\/4146\/revisions"}],"predecessor-version":[{"id":4150,"href":"https:\/\/www.abrazpe.org.br\/index.php\/wp-json\/wp\/v2\/posts\/4146\/revisions\/4150"}],"wp:featuredmedia":[{"embeddable":true,"href":"https:\/\/www.abrazpe.org.br\/index.php\/wp-json\/wp\/v2\/media\/4147"}],"wp:attachment":[{"href":"https:\/\/www.abrazpe.org.br\/index.php\/wp-json\/wp\/v2\/media?parent=4146"}],"wp:term":[{"taxonomy":"category","embeddable":true,"href":"https:\/\/www.abrazpe.org.br\/index.php\/wp-json\/wp\/v2\/categories?post=4146"},{"taxonomy":"post_tag","embeddable":true,"href":"https:\/\/www.abrazpe.org.br\/index.php\/wp-json\/wp\/v2\/tags?post=4146"}],"curies":[{"name":"wp","href":"https:\/\/api.w.org\/{rel}","templated":true}]}}