{"id":4156,"date":"2021-03-25T22:26:30","date_gmt":"2021-03-26T01:26:30","guid":{"rendered":"https:\/\/www.abrazpe.org.br\/?p=4156"},"modified":"2021-03-25T22:26:31","modified_gmt":"2021-03-26T01:26:31","slug":"rafael-fonteles-apresenta-acoes-do-investe-piaui-para-empresarios-na-zpe-de-parnaiba","status":"publish","type":"post","link":"https:\/\/www.abrazpe.org.br\/index.php\/2021\/03\/25\/rafael-fonteles-apresenta-acoes-do-investe-piaui-para-empresarios-na-zpe-de-parnaiba\/","title":{"rendered":"Rafael Fonteles apresenta a\u00e7\u00f5es do Investe Piau\u00ed para empres\u00e1rios na ZPE de Parna\u00edba"},"content":{"rendered":"<p class=\"estimated-read-time\">Tempo de leitura:<small> 2 minutos<\/small><\/p> \n<p>O coordenador do PRO Piau\u00ed e secret\u00e1rio de Estado da Fazenda, Rafael Fonteles, esteve, nessa quarta-feira (24), em Parna\u00edba, para conversar com empres\u00e1rios e visitar obras que ser\u00e3o impulsionadas pelo programa Investe Piau\u00ed, que \u00e9 um segmento do PRO Piau\u00ed voltado para a atra\u00e7\u00e3o de investimentos privados em todas as regi\u00f5es do estado, visando \u00e0 gera\u00e7\u00e3o de emprego e renda.<\/p>\n\n\n\n<p>Os empres\u00e1rios conheceram diversas oportunidades de investimentos no litoral do Piau\u00ed, inclusive na Zona de Processamento de Exporta\u00e7\u00e3o de Parna\u00edba (ZPE Parna\u00edba). Rafael Fonteles fez uma apresenta\u00e7\u00e3o sobre a Investe Piau\u00ed, destacando as principais vantagens para os investidores.&nbsp;Na ocasi\u00e3o, j\u00e1 foram anunciados investimentos.<\/p>\n\n\n\n<p>O coordenador do PRO Piau\u00ed esteve com empres\u00e1rio espanhol Jos\u00e9 Jimenez, da empresa J&amp;C Ind\u00fastria de Materiais Esportivos, que anunciou a instala\u00e7\u00e3o de uma f\u00e1brica de kitesurf na ZPE. \u201cA ideia \u00e9 que ele monte uma ind\u00fastria de produ\u00e7\u00e3o de material para o kitesurf na \u00e1rea da ZPE, a qual ter\u00e1 tamb\u00e9m um parque empresarial adjacente com foco no mercado nacional. Essa ind\u00fastria vai exportar tamb\u00e9m para v\u00e1rios pa\u00edses. Estamos aqui acertando os \u00faltimos detalhes desse protocolo de inten\u00e7\u00e3o, para que a f\u00e1brica comece os trabalhos ainda neste ano\u201d, destaca Rafael Fonteles.<\/p>\n\n\n\n<p>O presidente da Ag\u00eancia de Atra\u00e7\u00e3o de Investimentos Estrat\u00e9gicos do Piau\u00ed (Investe Piau\u00ed), o economista Victor Hugo Saraiva de Almeida, acrescentou que Parna\u00edba vai sediar a \u00fanica f\u00e1brica de kitesurf fora da \u00c1sia. Portanto, nos pr\u00f3ximos anos ser\u00e1 a refer\u00eancia como centro de produ\u00e7\u00e3o de kitesurf e de material de esportes aqu\u00e1ticos de todo continente americano.<\/p>\n\n\n\n<p>O empres\u00e1rio agradeceu o apoio que tem recebido do Governo do Estado para instala\u00e7\u00e3o da ind\u00fastria. \u201cA gente est\u00e1 muito agradecido com a ajuda que todos est\u00e3o dando, s\u00f3 temos palavras de agradecimento e tomara que a gente consiga retribuir com trabalho e emprego para ajudar as pessoas\u201d, afirma Jos\u00e9 Jimenez.<\/p>\n\n\n\n<p>Investe Piau\u00ed<\/p>\n\n\n\n<p>A Investe Piau\u00ed tem como miss\u00e3o a atra\u00e7\u00e3o de investimentos estrat\u00e9gicos que ir\u00e3o fortalecer a nossa economia com iniciativas, a exemplo da ZPE Parna\u00edba, do Porto de Lu\u00eds Correia, de Parques Empresariais a serem implantados nas cidades-polo do estado e o Distrito Tecnol\u00f3gico e Criativo de Teresina.<\/p>\n\n\n\n<p>A ZPE Parna\u00edba apresenta diversas caracter\u00edsticas interessantes aos investidores, como incentivo fiscal, apoio log\u00edstico, fiscal e estrutural, al\u00e9m de uma excelente localiza\u00e7\u00e3o geogr\u00e1fica no contexto do com\u00e9rcio internacional. \u201cEstamos estreitando esse contato com os empres\u00e1rios que acreditam no potencial econ\u00f4mico do nosso litoral piauiense e est\u00e3o interessados em conhecer essas oportunidades de investimentos\u201d, comenta Victor Hugo.<\/p>\n\n\n\n<p><a href=\"https:\/\/www.pi.gov.br\/noticias\/rafael-fonteles-apresenta-acoes-do-investe-piaui-para-empresarios-na-zpe-de-parnaiba\/\" data-type=\"URL\" data-id=\"https:\/\/www.pi.gov.br\/noticias\/rafael-fonteles-apresenta-acoes-do-investe-piaui-para-empresarios-na-zpe-de-parnaiba\/\">Leia mais<\/a><\/p>\n","protected":false},"excerpt":{"rendered":"<p><small> 2 minutos<\/small> O coordenador do PRO Piau\u00ed e secret\u00e1rio de Estado da Fazenda, Rafael Fonteles, esteve, nessa quarta-feira (24), em Parna\u00edba, para conversar com empres\u00e1rios e visitar obras que ser\u00e3o impulsionadas pelo programa Investe Piau\u00ed, que \u00e9 um segmento do PRO Piau\u00ed voltado para a atra\u00e7\u00e3o de investimentos privados em todas as regi\u00f5es do estado, visando \u00e0 gera\u00e7\u00e3o de emprego e renda. Os empres\u00e1rios conheceram diversas oportunidades de investimentos no litoral do Piau\u00ed, inclusive na Zona de Processamento de Exporta\u00e7\u00e3o de Parna\u00edba (ZPE Parna\u00edba). <a href=\"https:\/\/www.abrazpe.org.br\/index.php\/2021\/03\/25\/rafael-fonteles-apresenta-acoes-do-investe-piaui-para-empresarios-na-zpe-de-parnaiba\/\" class=\"more-link\"><span>Continue lendo<\/span>\u2192<\/a><\/p>\n","protected":false},"author":4,"featured_media":4157,"comment_status":"closed","ping_status":"open","sticky":false,"template":"","format":"standard","meta":{"footnotes":""},"categories":[7],"tags":[],"class_list":["entry","author-adm_hb2018","post-4156","post","type-post","status-publish","format-standard","has-post-thumbnail","category-noticias"],"_links":{"self":[{"href":"https:\/\/www.abrazpe.org.br\/index.php\/wp-json\/wp\/v2\/posts\/4156","targetHints":{"allow":["GET"]}}],"collection":[{"href":"https:\/\/www.abrazpe.org.br\/index.php\/wp-json\/wp\/v2\/posts"}],"about":[{"href":"https:\/\/www.abrazpe.org.br\/index.php\/wp-json\/wp\/v2\/types\/post"}],"author":[{"embeddable":true,"href":"https:\/\/www.abrazpe.org.br\/index.php\/wp-json\/wp\/v2\/users\/4"}],"replies":[{"embeddable":true,"href":"https:\/\/www.abrazpe.org.br\/index.php\/wp-json\/wp\/v2\/comments?post=4156"}],"version-history":[{"count":1,"href":"https:\/\/www.abrazpe.org.br\/index.php\/wp-json\/wp\/v2\/posts\/4156\/revisions"}],"predecessor-version":[{"id":4158,"href":"https:\/\/www.abrazpe.org.br\/index.php\/wp-json\/wp\/v2\/posts\/4156\/revisions\/4158"}],"wp:featuredmedia":[{"embeddable":true,"href":"https:\/\/www.abrazpe.org.br\/index.php\/wp-json\/wp\/v2\/media\/4157"}],"wp:attachment":[{"href":"https:\/\/www.abrazpe.org.br\/index.php\/wp-json\/wp\/v2\/media?parent=4156"}],"wp:term":[{"taxonomy":"category","embeddable":true,"href":"https:\/\/www.abrazpe.org.br\/index.php\/wp-json\/wp\/v2\/categories?post=4156"},{"taxonomy":"post_tag","embeddable":true,"href":"https:\/\/www.abrazpe.org.br\/index.php\/wp-json\/wp\/v2\/tags?post=4156"}],"curies":[{"name":"wp","href":"https:\/\/api.w.org\/{rel}","templated":true}]}}