{"id":4173,"date":"2021-04-14T23:55:13","date_gmt":"2021-04-15T02:55:13","guid":{"rendered":"https:\/\/www.abrazpe.org.br\/?p=4173"},"modified":"2021-04-14T23:55:15","modified_gmt":"2021-04-15T02:55:15","slug":"governo-federal-e-do-rio-definem-cronograma-para-implantar-zpe-do-acu","status":"publish","type":"post","link":"https:\/\/www.abrazpe.org.br\/index.php\/2021\/04\/14\/governo-federal-e-do-rio-definem-cronograma-para-implantar-zpe-do-acu\/","title":{"rendered":"Governo federal e do Rio definem cronograma para implantar ZPE do A\u00e7u"},"content":{"rendered":"<p class=\"estimated-read-time\">Tempo de leitura:<small> menos de 1 minuto<\/small><\/p> \n<p>O Minist\u00e9rio da Economia e representantes do governo do&nbsp;Rio de Janeiro&nbsp;definiram novo&nbsp;cronograma&nbsp;para implanta\u00e7\u00e3o da Zona de Processamento de Exporta\u00e7\u00e3o (ZPE) do A\u00e7u, em&nbsp;S\u00e3o Jo\u00e3o da Barra, no Norte Fluminense.&nbsp;<\/p>\n\n\n\n<p>A ideia \u00e9 que seja lan\u00e7ado no fim de junho o edital para sele\u00e7\u00e3o da empresa que vai viabilizar e administrar a ZPE. Em seguida, em outubro, deve ocorrer a assinatura dos contratos. Em janeiro de 2022 acontece a abertura da empresa administradora.&nbsp;<\/p>\n\n\n\n<p>O cronograma ainda precisa da aprova\u00e7\u00e3o do Conselho das ZPEs, mas a\u00a0expectativa, segundo o Minist\u00e9rio da Economia, \u00e9 que a ZPE do A\u00e7u, criada em 2017, entre em funcionamento em 2023, com possibilidade de atrair R$ 40 milh\u00f5es em investimentos e gerar cerca de 2 mil empregos.\u00a0<\/p>\n\n\n\n<p><a href=\"https:\/\/valor.globo.com\/brasil\/noticia\/2021\/04\/13\/governo-federal-e-do-rio-definem-cronograma-para-implantar-zpe-do-au.ghtml\">Leia mais<\/a><\/p>\n","protected":false},"excerpt":{"rendered":"<p><small> menos de 1 minuto<\/small> O Minist\u00e9rio da Economia e representantes do governo do&nbsp;Rio de Janeiro&nbsp;definiram novo&nbsp;cronograma&nbsp;para implanta\u00e7\u00e3o da Zona de Processamento de Exporta\u00e7\u00e3o (ZPE) do A\u00e7u, em&nbsp;S\u00e3o Jo\u00e3o da Barra, no Norte Fluminense.&nbsp; A ideia \u00e9 que seja lan\u00e7ado no fim de junho o edital para sele\u00e7\u00e3o da empresa que vai viabilizar e administrar a ZPE. Em seguida, em outubro, deve ocorrer a assinatura dos contratos. Em janeiro de 2022 acontece a abertura da empresa administradora.&nbsp; O cronograma ainda precisa da aprova\u00e7\u00e3o do Conselho <a href=\"https:\/\/www.abrazpe.org.br\/index.php\/2021\/04\/14\/governo-federal-e-do-rio-definem-cronograma-para-implantar-zpe-do-acu\/\" class=\"more-link\"><span>Continue lendo<\/span>\u2192<\/a><\/p>\n","protected":false},"author":4,"featured_media":3937,"comment_status":"closed","ping_status":"open","sticky":false,"template":"","format":"standard","meta":{"footnotes":""},"categories":[7],"tags":[],"class_list":["entry","author-adm_hb2018","post-4173","post","type-post","status-publish","format-standard","has-post-thumbnail","category-noticias"],"_links":{"self":[{"href":"https:\/\/www.abrazpe.org.br\/index.php\/wp-json\/wp\/v2\/posts\/4173","targetHints":{"allow":["GET"]}}],"collection":[{"href":"https:\/\/www.abrazpe.org.br\/index.php\/wp-json\/wp\/v2\/posts"}],"about":[{"href":"https:\/\/www.abrazpe.org.br\/index.php\/wp-json\/wp\/v2\/types\/post"}],"author":[{"embeddable":true,"href":"https:\/\/www.abrazpe.org.br\/index.php\/wp-json\/wp\/v2\/users\/4"}],"replies":[{"embeddable":true,"href":"https:\/\/www.abrazpe.org.br\/index.php\/wp-json\/wp\/v2\/comments?post=4173"}],"version-history":[{"count":1,"href":"https:\/\/www.abrazpe.org.br\/index.php\/wp-json\/wp\/v2\/posts\/4173\/revisions"}],"predecessor-version":[{"id":4174,"href":"https:\/\/www.abrazpe.org.br\/index.php\/wp-json\/wp\/v2\/posts\/4173\/revisions\/4174"}],"wp:featuredmedia":[{"embeddable":true,"href":"https:\/\/www.abrazpe.org.br\/index.php\/wp-json\/wp\/v2\/media\/3937"}],"wp:attachment":[{"href":"https:\/\/www.abrazpe.org.br\/index.php\/wp-json\/wp\/v2\/media?parent=4173"}],"wp:term":[{"taxonomy":"category","embeddable":true,"href":"https:\/\/www.abrazpe.org.br\/index.php\/wp-json\/wp\/v2\/categories?post=4173"},{"taxonomy":"post_tag","embeddable":true,"href":"https:\/\/www.abrazpe.org.br\/index.php\/wp-json\/wp\/v2\/tags?post=4173"}],"curies":[{"name":"wp","href":"https:\/\/api.w.org\/{rel}","templated":true}]}}