{"id":4241,"date":"2021-06-27T12:33:51","date_gmt":"2021-06-27T15:33:51","guid":{"rendered":"https:\/\/www.abrazpe.org.br\/?p=4241"},"modified":"2021-06-27T12:33:53","modified_gmt":"2021-06-27T15:33:53","slug":"enfim-a-zpe-de-ilheus-vai-andar-e-a-bahia-da-novo-salto-adiante","status":"publish","type":"post","link":"https:\/\/www.abrazpe.org.br\/index.php\/2021\/06\/27\/enfim-a-zpe-de-ilheus-vai-andar-e-a-bahia-da-novo-salto-adiante\/","title":{"rendered":"Enfim, a ZPE de Ilh\u00e9us vai andar. E a Bahia d\u00e1 novo salto adiante"},"content":{"rendered":"<p class=\"estimated-read-time\">Tempo de leitura:<small> 1 minuto<\/small><\/p> \n<p>Ot\u00e1vio Pimentel, ex-prefeito de Lauro de Freitas e presidente da Zona de Processamento e Exporta\u00e7\u00e3o (ZPE) de Ilh\u00e9us, solta foguetes com ressalva, toda a Bahia deveria estar festejando. Motivo da alegria: o projeto nascido em 28 de junho de 1989 com o DNA de Jos\u00e9 Sarney enfim vai acontecer com o novo Marco Legal das ZPEs, agora sacramentado.<\/p>\n\n\n\n<p>Foguete \u00e9 coisa pouca, segundo Ot\u00e1vio. A coisa \u00e9 mais para bomba da boa. O Marco era alvo de intensa disputa de bastidores, com a poderosa Federa\u00e7\u00e3o das Ind\u00fastrias do Estado de S\u00e3o Paulo (Fiesp) e o time da Zona Franca de Manaus brigando contra uma quest\u00e3o chave: liberar em 100% o mercado para a produ\u00e7\u00e3o das ZPEs. Perderam.<\/p>\n\n\n\n<p>Ot\u00e1vio cita que a a\u00e7\u00e3o do ministro Paulo Guedes (Economia) foi t\u00e3o decisiva quanto significativa:&nbsp;Isso \u00e9 uma vit\u00f3ria do Brasil. Est\u00e1 nascendo uma nova Bahia. A ZPE de Ilh\u00e9us fica a 6 km do Porto Sul. E tanto a ZPE pode ter \u00e1reas descont\u00ednuas como a \u00e1rea alfandegada \u00e9 apenas o pr\u00e9dio da alf\u00e2ndega.&nbsp;<\/p>\n\n\n\n<p>Ot\u00e1vio ressalva que a causa tem o DNA de Helson Braga,&nbsp; secret\u00e1rio do Conselho de ZPEs do Governo Sarney, hoje presidente da Associa\u00e7\u00e3o Brasileira de ZPEs. \u2018Ele lutou mais de 20 anos e nunca esmoreceu\u2019.<\/p>\n\n\n\n<p>E cita que uma das grandes portas abertas na ZPE de Ilh\u00e9us ser\u00e1 a ind\u00fastria de softwares, onde ser\u00e1 poss\u00edvel qualquer empresa comprar equipamentos novos ou usados fora do Brasil sem pagar impostos.<\/p>\n\n\n\n<p>Ot\u00e1vio Pimentel destaca que Ilh\u00e9us vai receber um profundo impacto com o novo Marco das ZPEs. Conforme a nova lei, na \u00e1rea pode ter tudo, condom\u00ednios residenciais, \u00e1reas comerciais, ind\u00fastrias e empresas de diversos matizes. Ele diz que o start ser\u00e1 dado no m\u00e1ximo ano que vem.<\/p>\n\n\n\n<p>A ZPE de Ilh\u00e9us tem hoje uma \u00e1rea de 1,2 bilh\u00e3o de metros quadrados, mas ela pode ser ampliada num raio de 30 km. Enfim, nasce uma nova Bahia nas terras de Gabriela.<\/p>\n\n\n\n<p><a href=\"https:\/\/atarde.uol.com.br\/levivasconcelos\/noticias\/2173740-enfim-a-zpe-de-ilheus-vai-andar-e-a-bahia-da-novo-salto-adiante-premium\">Leia mais<\/a><\/p>\n","protected":false},"excerpt":{"rendered":"<p><small> 1 minuto<\/small> Ot\u00e1vio Pimentel, ex-prefeito de Lauro de Freitas e presidente da Zona de Processamento e Exporta\u00e7\u00e3o (ZPE) de Ilh\u00e9us, solta foguetes com ressalva, toda a Bahia deveria estar festejando. Motivo da alegria: o projeto nascido em 28 de junho de 1989 com o DNA de Jos\u00e9 Sarney enfim vai acontecer com o novo Marco Legal das ZPEs, agora sacramentado. Foguete \u00e9 coisa pouca, segundo Ot\u00e1vio. A coisa \u00e9 mais para bomba da boa. O Marco era alvo de intensa disputa de bastidores, com <a href=\"https:\/\/www.abrazpe.org.br\/index.php\/2021\/06\/27\/enfim-a-zpe-de-ilheus-vai-andar-e-a-bahia-da-novo-salto-adiante\/\" class=\"more-link\"><span>Continue lendo<\/span>\u2192<\/a><\/p>\n","protected":false},"author":4,"featured_media":4242,"comment_status":"closed","ping_status":"open","sticky":false,"template":"","format":"standard","meta":{"footnotes":""},"categories":[7],"tags":[],"class_list":["entry","author-adm_hb2018","post-4241","post","type-post","status-publish","format-standard","has-post-thumbnail","category-noticias"],"_links":{"self":[{"href":"https:\/\/www.abrazpe.org.br\/index.php\/wp-json\/wp\/v2\/posts\/4241","targetHints":{"allow":["GET"]}}],"collection":[{"href":"https:\/\/www.abrazpe.org.br\/index.php\/wp-json\/wp\/v2\/posts"}],"about":[{"href":"https:\/\/www.abrazpe.org.br\/index.php\/wp-json\/wp\/v2\/types\/post"}],"author":[{"embeddable":true,"href":"https:\/\/www.abrazpe.org.br\/index.php\/wp-json\/wp\/v2\/users\/4"}],"replies":[{"embeddable":true,"href":"https:\/\/www.abrazpe.org.br\/index.php\/wp-json\/wp\/v2\/comments?post=4241"}],"version-history":[{"count":1,"href":"https:\/\/www.abrazpe.org.br\/index.php\/wp-json\/wp\/v2\/posts\/4241\/revisions"}],"predecessor-version":[{"id":4243,"href":"https:\/\/www.abrazpe.org.br\/index.php\/wp-json\/wp\/v2\/posts\/4241\/revisions\/4243"}],"wp:featuredmedia":[{"embeddable":true,"href":"https:\/\/www.abrazpe.org.br\/index.php\/wp-json\/wp\/v2\/media\/4242"}],"wp:attachment":[{"href":"https:\/\/www.abrazpe.org.br\/index.php\/wp-json\/wp\/v2\/media?parent=4241"}],"wp:term":[{"taxonomy":"category","embeddable":true,"href":"https:\/\/www.abrazpe.org.br\/index.php\/wp-json\/wp\/v2\/categories?post=4241"},{"taxonomy":"post_tag","embeddable":true,"href":"https:\/\/www.abrazpe.org.br\/index.php\/wp-json\/wp\/v2\/tags?post=4241"}],"curies":[{"name":"wp","href":"https:\/\/api.w.org\/{rel}","templated":true}]}}