{"id":4256,"date":"2021-07-06T16:48:08","date_gmt":"2021-07-06T19:48:08","guid":{"rendered":"https:\/\/www.abrazpe.org.br\/?p=4256"},"modified":"2021-07-06T16:49:27","modified_gmt":"2021-07-06T19:49:27","slug":"novo-marco-da-zona-de-processamento-e-exportacao-favorece-a-implantacao-da-zona-franca-de-ilheus","status":"publish","type":"post","link":"https:\/\/www.abrazpe.org.br\/index.php\/2021\/07\/06\/novo-marco-da-zona-de-processamento-e-exportacao-favorece-a-implantacao-da-zona-franca-de-ilheus\/","title":{"rendered":"Novo marco da Zona de Processamento e Exporta\u00e7\u00e3o favorece a implanta\u00e7\u00e3o da zona franca de Ilh\u00e9us"},"content":{"rendered":"<p class=\"estimated-read-time\">Tempo de leitura:<small> 2 minutos<\/small><\/p> \n<p>Aprovada no in\u00edcio de junho na C\u00e2mara dos Deputados, por 52 a 23 votos, a Medida Provis\u00f3ria 1.033 tirada da gaveta para facilitar a produ\u00e7\u00e3o de oxig\u00eanio medicinal em Zonas de Processamento de Exporta\u00e7\u00e3o (ZPEs), diante da pandemia de Covid-19, se configurou em um novo marco legal que promete desburocratizar e se tornar um incentivo para o beneficiamento de produtos e o desenvolvimento tecnol\u00f3gico, com foco na exporta\u00e7\u00e3o.<\/p>\n\n\n\n<p>&nbsp;Somados ao avan\u00e7o das obras do Porto Sul, retomada pela Bamin em parceria com o governo, que ser\u00e1 integrado \u00e0 Ferrovia Oeste Leste (Fiol), conectando a regi\u00e3o ao norte de Minas Gerais e, no futuro, a outros estados, a de cidade Ilh\u00e9us tem tudo para voltar a figurar com um dos mais importantes celeiros econ\u00f4micos da Bahia.&nbsp;<\/p>\n\n\n\n<p>O programa criado h\u00e1 mais de 20 anos, mas travado por raz\u00f5es burocr\u00e1ticas e da pr\u00f3pria legisla\u00e7\u00e3o, agora ter\u00e1 toda a condi\u00e7\u00e3o de atrair novas empresas e ind\u00fastrias e gerar empregos na cidade historicamente conhecida pela economia cacaueira. Entre os pontos importantes do marco est\u00e1 a permiss\u00e3o para exporta\u00e7\u00e3o de servi\u00e7os, o que deve incentivar startups brasileiras a se internacionalizarem e tamb\u00e9m a possibilidade de balizarem a produ\u00e7\u00e3o ao regramento da Organiza\u00e7\u00e3o Mundial do Com\u00e9rcio, se equiparando aos outros pa\u00edses e escapando da competi\u00e7\u00e3o desigual com o mercado interno. O texto aprovado pela C\u00e2mara prev\u00ea que as ZPE&#8217;s sejam descont\u00ednuas, o que facilita que seja conectada a outros pontos e a aeroportos.<\/p>\n\n\n\n<p>Pa\u00edses como China, que multiplicou a sua ind\u00fastria nos \u00faltimos anos, e o pr\u00f3prio Estados Unidos, \u00cdndia, Canad\u00e1, Argentina, Col\u00f4mbia e muitos outros, abrigam centenas de ZPE&#8217;s em seu territ\u00f3rio.&nbsp; A expectativa do Governo Federal \u00e9 que no Brasil a proposta tenha o mesmo efeito, com a gera\u00e7\u00e3o de postos de trabalho e que passe a sediar empresas de tecnologia, para tentar se desgarrar da tradi\u00e7\u00e3o de exporta\u00e7\u00e3o de commodities, que tem baixo valor agregado.<\/p>\n\n\n\n<p>Ex-prefeito de Lauro de Freitas e diretor da Associa\u00e7\u00e3o Brasileira de Zonas de Processamento de Exporta\u00e7\u00e3o, Ot\u00e1vio Pimentel, est\u00e1 confiante com a aprova\u00e7\u00e3o do marco e v\u00ea a Bahia daqui a dez anos como o maior polo de produ\u00e7\u00e3o e exporta\u00e7\u00e3o do pa\u00eds. Ele destaca as reuni\u00f5es com o ministro Paulo Guedes, que segundo ele teve participa\u00e7\u00e3o importante para que o projeto fosse adequado e aprovado, e que agora depende somente da san\u00e7\u00e3o do presidente Jair Bolsonaro.&nbsp;<\/p>\n\n\n\n<p>Pimentel explica que a isen\u00e7\u00e3o de imposto nas ZPE&#8217;s para importa\u00e7\u00e3o de maquin\u00e1rios, por exemplo, vai ser determinante para atrair investimentos, assim como a permiss\u00e3o para exportar servi\u00e7os.&nbsp;<\/p>\n\n\n\n<p>&#8220;\u00c9 uma vantagem muito grande. Agora vai ter projeto para software, as ag\u00eancias de viagem v\u00e3o poder trabalhar com o mundo inteiro e n\u00e3o v\u00e3o pagar imposto nenhum&#8221;, ressaltou em entrevista ao grupo A TARDE. &#8220;Essa \u00e9 uma vit\u00f3ria do Dr. Helson Braga, mais de 20 anos de luta&#8221;, complementa, em homenagem ao presidente da ABRAZPE.<\/p>\n\n\n\n<p><a href=\"https:\/\/atarde.uol.com.br\/bahia\/noticias\/2174134-novo-marco-da-zona-de-processamento-e-exportacao-favorece-a-implantacao-da-zona-franca-de-ilheus\">Leia mais<\/a><\/p>\n","protected":false},"excerpt":{"rendered":"<p><small> 2 minutos<\/small> Aprovada no in\u00edcio de junho na C\u00e2mara dos Deputados, por 52 a 23 votos, a Medida Provis\u00f3ria 1.033 tirada da gaveta para facilitar a produ\u00e7\u00e3o de oxig\u00eanio medicinal em Zonas de Processamento de Exporta\u00e7\u00e3o (ZPEs), diante da pandemia de Covid-19, se configurou em um novo marco legal que promete desburocratizar e se tornar um incentivo para o beneficiamento de produtos e o desenvolvimento tecnol\u00f3gico, com foco na exporta\u00e7\u00e3o. &nbsp;Somados ao avan\u00e7o das obras do Porto Sul, retomada pela Bamin em parceria com <a href=\"https:\/\/www.abrazpe.org.br\/index.php\/2021\/07\/06\/novo-marco-da-zona-de-processamento-e-exportacao-favorece-a-implantacao-da-zona-franca-de-ilheus\/\" class=\"more-link\"><span>Continue lendo<\/span>\u2192<\/a><\/p>\n","protected":false},"author":4,"featured_media":4258,"comment_status":"closed","ping_status":"open","sticky":false,"template":"","format":"standard","meta":{"footnotes":""},"categories":[7],"tags":[],"class_list":["entry","author-adm_hb2018","post-4256","post","type-post","status-publish","format-standard","has-post-thumbnail","category-noticias"],"_links":{"self":[{"href":"https:\/\/www.abrazpe.org.br\/index.php\/wp-json\/wp\/v2\/posts\/4256","targetHints":{"allow":["GET"]}}],"collection":[{"href":"https:\/\/www.abrazpe.org.br\/index.php\/wp-json\/wp\/v2\/posts"}],"about":[{"href":"https:\/\/www.abrazpe.org.br\/index.php\/wp-json\/wp\/v2\/types\/post"}],"author":[{"embeddable":true,"href":"https:\/\/www.abrazpe.org.br\/index.php\/wp-json\/wp\/v2\/users\/4"}],"replies":[{"embeddable":true,"href":"https:\/\/www.abrazpe.org.br\/index.php\/wp-json\/wp\/v2\/comments?post=4256"}],"version-history":[{"count":1,"href":"https:\/\/www.abrazpe.org.br\/index.php\/wp-json\/wp\/v2\/posts\/4256\/revisions"}],"predecessor-version":[{"id":4257,"href":"https:\/\/www.abrazpe.org.br\/index.php\/wp-json\/wp\/v2\/posts\/4256\/revisions\/4257"}],"wp:featuredmedia":[{"embeddable":true,"href":"https:\/\/www.abrazpe.org.br\/index.php\/wp-json\/wp\/v2\/media\/4258"}],"wp:attachment":[{"href":"https:\/\/www.abrazpe.org.br\/index.php\/wp-json\/wp\/v2\/media?parent=4256"}],"wp:term":[{"taxonomy":"category","embeddable":true,"href":"https:\/\/www.abrazpe.org.br\/index.php\/wp-json\/wp\/v2\/categories?post=4256"},{"taxonomy":"post_tag","embeddable":true,"href":"https:\/\/www.abrazpe.org.br\/index.php\/wp-json\/wp\/v2\/tags?post=4256"}],"curies":[{"name":"wp","href":"https:\/\/api.w.org\/{rel}","templated":true}]}}