{"id":4346,"date":"2021-09-04T22:36:13","date_gmt":"2021-09-05T01:36:13","guid":{"rendered":"https:\/\/www.abrazpe.org.br\/?p=4346"},"modified":"2021-09-04T22:36:14","modified_gmt":"2021-09-05T01:36:14","slug":"prefeitos-do-sul-do-estado-alinham-ativacao-da-zpe-em-imbituba","status":"publish","type":"post","link":"https:\/\/www.abrazpe.org.br\/index.php\/2021\/09\/04\/prefeitos-do-sul-do-estado-alinham-ativacao-da-zpe-em-imbituba\/","title":{"rendered":"Prefeitos do Sul do estado alinham ativa\u00e7\u00e3o da ZPE em Imbituba"},"content":{"rendered":"<p class=\"estimated-read-time\">Tempo de leitura:<small> 1 minuto<\/small><\/p> \n<p>Prefeitos e lideran\u00e7as do Sul do Estado foram recebidos na Secretaria de Estado do Desenvolvimento Econ\u00f4mico Sustent\u00e1vel (SDE) nesta quinta-feira, 2, para alinhamentos sobre o desenvolvimento da regi\u00e3o com a implanta\u00e7\u00e3o da Zona de Processamento de Exporta\u00e7\u00e3o (ZPE), que est\u00e1 sob gest\u00e3o da SDE e da Secretaria de Estado da Fazenda.<\/p>\n\n\n\n<p>\u201cEstamos tendo a chance de escrever uma nova hist\u00f3ria do desenvolvimento do Sul, a partir da importa\u00e7\u00e3o e da exporta\u00e7\u00e3o. Temos um mar de oportunidades pela frente\u201d, frisou o secret\u00e1rio de Estado do Desenvolvimento Econ\u00f4mico Sustent\u00e1vel, Luciano Buligon, que falou sobre o andamento do processo de ativa\u00e7\u00e3o das ZPEs, em Imbituba. \u201cO Governador Carlos Mois\u00e9s anunciou um investimento de R$ 10 milh\u00f5es para a licita\u00e7\u00e3o e contrata\u00e7\u00e3o de uma empresa que dever\u00e1 gerenciar as obras f\u00edsicas no loteamento.<\/p>\n\n\n\n<p>Atualmente, est\u00e1 sendo feito o Termo de Refer\u00eancia para a licita\u00e7\u00e3o desta empresa. A previs\u00e3o \u00e9 at\u00e9 o fim do ano ter esta empresa contratada e at\u00e9 o in\u00edcio do ano que vem abrir o processo de licita\u00e7\u00e3o para as obras no loteamento. Com as obras finalizadas, ser\u00e1 feita a concess\u00e3o para a iniciativa privada\u201d, disse.<\/p>\n\n\n\n<p>Buligon complementou que em Dion\u00edsio Cerqueira e em Lages tamb\u00e9m ser\u00e1 feito o mesmo procedimento. Desde que a ativa\u00e7\u00e3o das ZPEs foram anunciadas pelo Governo de Santa Catarina, a Secretaria de Estado do Desenvolvimento Econ\u00f4mico Sustent\u00e1vel tem realizado diversas reuni\u00f5es com a Receita Federal, com a Secretaria da Fazenda, com a Prefeitura de Imbituba, empres\u00e1rios e com a Facisc.<\/p>\n\n\n\n<p>\u201cTodos os representantes das cidades ficaram empolgados em poder fazer parte do entorno, no raio de 30 km de Imbituba, em receber novas empresas atra\u00eddas pela implanta\u00e7\u00e3o da ZPE. Os tr\u00eas munic\u00edpios, Garopaba, Laguna e em especial o de Imaru\u00ed, o mais carente de todos, est\u00e3o todos muito entusiasmados e de bra\u00e7os abertos esperando essa movimenta\u00e7\u00e3o do Governo de Estado para iniciar a instala\u00e7\u00e3o da ZPE\u201d, avaliou o vice-presidente da Facisc Regional Sul, Pedro Kuzniecow.<\/p>\n\n\n\n<p><a href=\"https:\/\/www.sc.gov.br\/noticias\/temas\/desenvolvimento-economico\/prefeitos-do-sul-do-estado-alinham-ativacao-da-zpe-em-imbituba\">Leia mais<\/a><\/p>\n","protected":false},"excerpt":{"rendered":"<p><small> 1 minuto<\/small> Prefeitos e lideran\u00e7as do Sul do Estado foram recebidos na Secretaria de Estado do Desenvolvimento Econ\u00f4mico Sustent\u00e1vel (SDE) nesta quinta-feira, 2, para alinhamentos sobre o desenvolvimento da regi\u00e3o com a implanta\u00e7\u00e3o da Zona de Processamento de Exporta\u00e7\u00e3o (ZPE), que est\u00e1 sob gest\u00e3o da SDE e da Secretaria de Estado da Fazenda. \u201cEstamos tendo a chance de escrever uma nova hist\u00f3ria do desenvolvimento do Sul, a partir da importa\u00e7\u00e3o e da exporta\u00e7\u00e3o. Temos um mar de oportunidades pela frente\u201d, frisou o secret\u00e1rio de <a href=\"https:\/\/www.abrazpe.org.br\/index.php\/2021\/09\/04\/prefeitos-do-sul-do-estado-alinham-ativacao-da-zpe-em-imbituba\/\" class=\"more-link\"><span>Continue lendo<\/span>\u2192<\/a><\/p>\n","protected":false},"author":4,"featured_media":4347,"comment_status":"closed","ping_status":"open","sticky":false,"template":"","format":"standard","meta":{"footnotes":""},"categories":[7],"tags":[],"class_list":["entry","author-adm_hb2018","post-4346","post","type-post","status-publish","format-standard","has-post-thumbnail","category-noticias"],"_links":{"self":[{"href":"https:\/\/www.abrazpe.org.br\/index.php\/wp-json\/wp\/v2\/posts\/4346","targetHints":{"allow":["GET"]}}],"collection":[{"href":"https:\/\/www.abrazpe.org.br\/index.php\/wp-json\/wp\/v2\/posts"}],"about":[{"href":"https:\/\/www.abrazpe.org.br\/index.php\/wp-json\/wp\/v2\/types\/post"}],"author":[{"embeddable":true,"href":"https:\/\/www.abrazpe.org.br\/index.php\/wp-json\/wp\/v2\/users\/4"}],"replies":[{"embeddable":true,"href":"https:\/\/www.abrazpe.org.br\/index.php\/wp-json\/wp\/v2\/comments?post=4346"}],"version-history":[{"count":1,"href":"https:\/\/www.abrazpe.org.br\/index.php\/wp-json\/wp\/v2\/posts\/4346\/revisions"}],"predecessor-version":[{"id":4348,"href":"https:\/\/www.abrazpe.org.br\/index.php\/wp-json\/wp\/v2\/posts\/4346\/revisions\/4348"}],"wp:featuredmedia":[{"embeddable":true,"href":"https:\/\/www.abrazpe.org.br\/index.php\/wp-json\/wp\/v2\/media\/4347"}],"wp:attachment":[{"href":"https:\/\/www.abrazpe.org.br\/index.php\/wp-json\/wp\/v2\/media?parent=4346"}],"wp:term":[{"taxonomy":"category","embeddable":true,"href":"https:\/\/www.abrazpe.org.br\/index.php\/wp-json\/wp\/v2\/categories?post=4346"},{"taxonomy":"post_tag","embeddable":true,"href":"https:\/\/www.abrazpe.org.br\/index.php\/wp-json\/wp\/v2\/tags?post=4346"}],"curies":[{"name":"wp","href":"https:\/\/api.w.org\/{rel}","templated":true}]}}