{"id":4467,"date":"2021-11-23T10:15:25","date_gmt":"2021-11-23T13:15:25","guid":{"rendered":"https:\/\/www.abrazpe.org.br\/?p=4467"},"modified":"2021-11-23T10:15:26","modified_gmt":"2021-11-23T13:15:26","slug":"governador-visita-dubai-multi-commodities-centre-com-foco-na-ampliacao-da-exportacao-de-cafes-especiais-mineiros","status":"publish","type":"post","link":"https:\/\/www.abrazpe.org.br\/index.php\/2021\/11\/23\/governador-visita-dubai-multi-commodities-centre-com-foco-na-ampliacao-da-exportacao-de-cafes-especiais-mineiros\/","title":{"rendered":"Governador visita Dubai Multi Commodities Centre, com foco na amplia\u00e7\u00e3o da exporta\u00e7\u00e3o de caf\u00e9s especiais mineiros"},"content":{"rendered":"<p class=\"estimated-read-time\">Tempo de leitura:<small> 2 minutos<\/small><\/p> \n<p>Minas Gerais \u00e9 o maior produtor nacional de caf\u00e9. E pensando em ampliar as exporta\u00e7\u00f5es dos caf\u00e9s especiais produzidos no estado, o governador Romeu Zema se reuniu, nesta quarta-feira (17\/11), em Dubai, nos Emirados \u00c1rabes Unidos, com o CEO da Dubai Multi Commodities Centre (DMCC), Ahmed Bin Sulayem.&nbsp;<\/p>\n\n\n\n<p>A DMCC \u00e9 a zona franca mais interconectada do mundo e o principal centro comercial e empresarial de commodities, entre elas o caf\u00e9. O produto \u00e9 comprado em diversos pa\u00edses do mundo e enviado a outros com\u00e9rcios mundiais. Em Minas Gerais, a companhia importa o caf\u00e9 da regi\u00e3o Sul. A proposta da empresa \u00e9 tornar Dubai um hub global de com\u00e9rcio da bebida.&nbsp;<\/p>\n\n\n\n<p>A agenda na DMCC faz parte da miss\u00e3o oficial do&nbsp;<a href=\"https:\/\/www.mg.gov.br\/\" target=\"_blank\" rel=\"noreferrer noopener\">Governo de Minas<\/a>&nbsp;nos Emirados \u00c1rabes Unidos. O objetivo \u00e9 prospectar investimentos e acertar parcerias com empres\u00e1rios locais. Na avalia\u00e7\u00e3o do governador Romeu Zema, ver os produtos mineiros sendo comercializados em Dubai e regi\u00e3o \u00e9 um sinal importante. \u201cSomos o estado que mais produz caf\u00e9 no Brasil e temos potencial de ampliar nossa parceria com a DMCC\u201d, destacou o governador, ao lado do secret\u00e1rio de Estado de&nbsp;<a href=\"http:\/\/www.desenvolvimento.mg.gov.br\/\" target=\"_blank\" rel=\"noreferrer noopener\">Desenvolvimento Econ\u00f4mico<\/a>, Fernando Passalio, que tamb\u00e9m acompanha a miss\u00e3o internacional e as negocia\u00e7\u00f5es com as empresas. &nbsp;<\/p>\n\n\n\n<p>Minas Gerais e Emirados \u00c1rabes Unidos j\u00e1 t\u00eam parcerias comerciais destacadas e o caf\u00e9 \u00e9 um dos principais produtos exportados aos \u00e1rabes. Durante o encontro, o governador pode ver caf\u00e9s mineiros enviados ao exterior, como, por exemplo, o de Carmo de Minas, da regi\u00e3o Sul. Romeu Zema tamb\u00e9m conheceu o processo de torra e a distribui\u00e7\u00e3o do produto no DMCC Coffee Center: um espa\u00e7o moderno que oferece servi\u00e7os de armazenamento de gr\u00e3os, processamento, embalagem e entrega do caf\u00e9 de acordo com as especifica\u00e7\u00f5es do cliente.&nbsp;<\/p>\n\n\n\n<p>Em setembro desse ano, o CEO da DMCC esteve em Minas Gerais, quando tratou sobre o tema exporta\u00e7\u00f5es de Minas com o vice-governador, Paulo Brant, e a secret\u00e1ria de&nbsp;<a href=\"http:\/\/www.agricultura.mg.gov.br\/\" target=\"_blank\" rel=\"noreferrer noopener\">Agricultura, Pecu\u00e1ria e Abastecimento<\/a>, Ana Valentini.<\/p>\n\n\n\n<p>Segundo Ahmed Bin Sulayem, o mercado de caf\u00e9, al\u00e9m de promissor, \u00e9 tradicional na hist\u00f3ria do Oriente M\u00e9dio. Atualmente, o DMCC Coffee Center comercializa mais de 100 variedades de caf\u00e9 das principais regi\u00f5es de cultivo como Am\u00e9ricas Central e do Sul, al\u00e9m de \u00c1frica e \u00c1sia.\u00a0<\/p>\n\n\n\n<p><a href=\"https:\/\/www.agenciaminas.mg.gov.br\/noticia\/governador-visita-dubai-multi-commodities-centre-com-foco-na-ampliacao-da-exportacao-de-cafes-especiais-mineiros\">Leia mais<\/a><\/p>\n","protected":false},"excerpt":{"rendered":"<p><small> 2 minutos<\/small> Minas Gerais \u00e9 o maior produtor nacional de caf\u00e9. E pensando em ampliar as exporta\u00e7\u00f5es dos caf\u00e9s especiais produzidos no estado, o governador Romeu Zema se reuniu, nesta quarta-feira (17\/11), em Dubai, nos Emirados \u00c1rabes Unidos, com o CEO da Dubai Multi Commodities Centre (DMCC), Ahmed Bin Sulayem.&nbsp; A DMCC \u00e9 a zona franca mais interconectada do mundo e o principal centro comercial e empresarial de commodities, entre elas o caf\u00e9. O produto \u00e9 comprado em diversos pa\u00edses do mundo e enviado <a href=\"https:\/\/www.abrazpe.org.br\/index.php\/2021\/11\/23\/governador-visita-dubai-multi-commodities-centre-com-foco-na-ampliacao-da-exportacao-de-cafes-especiais-mineiros\/\" class=\"more-link\"><span>Continue lendo<\/span>\u2192<\/a><\/p>\n","protected":false},"author":4,"featured_media":4468,"comment_status":"closed","ping_status":"open","sticky":false,"template":"","format":"standard","meta":{"footnotes":""},"categories":[7],"tags":[],"class_list":["entry","author-adm_hb2018","post-4467","post","type-post","status-publish","format-standard","has-post-thumbnail","category-noticias"],"_links":{"self":[{"href":"https:\/\/www.abrazpe.org.br\/index.php\/wp-json\/wp\/v2\/posts\/4467","targetHints":{"allow":["GET"]}}],"collection":[{"href":"https:\/\/www.abrazpe.org.br\/index.php\/wp-json\/wp\/v2\/posts"}],"about":[{"href":"https:\/\/www.abrazpe.org.br\/index.php\/wp-json\/wp\/v2\/types\/post"}],"author":[{"embeddable":true,"href":"https:\/\/www.abrazpe.org.br\/index.php\/wp-json\/wp\/v2\/users\/4"}],"replies":[{"embeddable":true,"href":"https:\/\/www.abrazpe.org.br\/index.php\/wp-json\/wp\/v2\/comments?post=4467"}],"version-history":[{"count":1,"href":"https:\/\/www.abrazpe.org.br\/index.php\/wp-json\/wp\/v2\/posts\/4467\/revisions"}],"predecessor-version":[{"id":4469,"href":"https:\/\/www.abrazpe.org.br\/index.php\/wp-json\/wp\/v2\/posts\/4467\/revisions\/4469"}],"wp:featuredmedia":[{"embeddable":true,"href":"https:\/\/www.abrazpe.org.br\/index.php\/wp-json\/wp\/v2\/media\/4468"}],"wp:attachment":[{"href":"https:\/\/www.abrazpe.org.br\/index.php\/wp-json\/wp\/v2\/media?parent=4467"}],"wp:term":[{"taxonomy":"category","embeddable":true,"href":"https:\/\/www.abrazpe.org.br\/index.php\/wp-json\/wp\/v2\/categories?post=4467"},{"taxonomy":"post_tag","embeddable":true,"href":"https:\/\/www.abrazpe.org.br\/index.php\/wp-json\/wp\/v2\/tags?post=4467"}],"curies":[{"name":"wp","href":"https:\/\/api.w.org\/{rel}","templated":true}]}}