{"id":4520,"date":"2021-12-18T11:51:23","date_gmt":"2021-12-18T14:51:23","guid":{"rendered":"https:\/\/www.abrazpe.org.br\/?p=4520"},"modified":"2021-12-18T11:51:24","modified_gmt":"2021-12-18T14:51:24","slug":"fiemg-regional-zm-participa-de-encontro-regional-de-negocios-da-adjfr","status":"publish","type":"post","link":"https:\/\/www.abrazpe.org.br\/index.php\/2021\/12\/18\/fiemg-regional-zm-participa-de-encontro-regional-de-negocios-da-adjfr\/","title":{"rendered":"FIEMG Regional ZM participa de Encontro Regional de Neg\u00f3cios da ADJFR"},"content":{"rendered":"<p class=\"estimated-read-time\">Tempo de leitura:<small> 2 minutos<\/small><\/p> \n<p>A FIEMG Regional Zona da Mata participou, no dia 09 de dezembro, do Encontro Regional de Neg\u00f3cios \u2013 Perspectivas de Novos Neg\u00f3cios para a Zona da Mata e Campo das Vertentes, realizado pela Ag\u00eancia de Desenvolvimento de Juiz de Fora e Regi\u00e3o (ADJFR), no Green Hill Hot\u00e9is e Eventos. O diretor da entidade e tamb\u00e9m presidente do Sinduscon-JF, Aur\u00e9lio Marangon Sobrinho, esteve presente no evento, refor\u00e7ando o apoio da FIEMG aos projetos apresentados.<\/p>\n\n\n\n<p>O Encontro foi realizado de forma h\u00edbrida e teve como objetivo favorecer uma interlocu\u00e7\u00e3o com a comunidade empresarial da regi\u00e3o e criar um canal de comunica\u00e7\u00e3o, visando a gera\u00e7\u00e3o de novos neg\u00f3cios. Na ocasi\u00e3o, foram apresentados os movimentos que est\u00e3o sendo realizados em parceria com a ADJFR, entre eles o Aeroporto Regional, a Plataforma de Bioquerosene Renov\u00e1vel e a Zona de Processamento de Exporta\u00e7\u00e3o (ZPE), projetos que tamb\u00e9m contam com o apoio da FIEMG.<\/p>\n\n\n\n<p>O primeiro tema tratado foi \u201cZona de Processamento de Exporta\u00e7\u00e3o (ZPE) \u2013 Zona da Mata, oportunidades de neg\u00f3cios e cria\u00e7\u00e3o de empregos\u201d, apresentado pelo presidente da Associa\u00e7\u00e3o Brasileira das Zonas de Processamento de Exporta\u00e7\u00e3o (Abrazpe), Helson Braga. Em seguida, foi realizada a palestra \u201cAeroporto Regional \u2013 Infraestrutura estrat\u00e9gica aeroportu\u00e1ria para o desenvolvimento social e econ\u00f4mico da Zona da Mata\u201d, com o diretor-presidente da CBCE, empresa que integra a Concession\u00e1ria do Aeroporto da Zona da Mata junto \u00e0 Socicam, Pedro Am\u00e9rico Mendes de Castro.<\/p>\n\n\n\n<p>Outros assuntos abordados no Encontro foram \u201cMeio ambiente e desenvolvimento sustent\u00e1vel\u201d, com a secret\u00e1ria de Estado de Meio Ambiente e Desenvolvimento Sustent\u00e1vel de Minas Gerais, Mar\u00edlia Carvalho de Melo, e \u201cMaca\u00faba e agricultura familiar\u201d, com a coordenadora da Secretaria de Agricultura Familiar do Minist\u00e9rio da Agricultura, Pecu\u00e1ria e Abastecimento, Viviane Silveira Anjos. O evento foi encerrado com um painel de debate.<\/p>\n\n\n\n<p>De acordo com o presidente da ADJFR, C\u00e9lio Chagas, o Encontro foi uma excelente oportunidade para fortalecer o v\u00ednculo com as demais ag\u00eancias de desenvolvimento e com as entidades empresariais e p\u00fablicas da Zona da Mata e Vertentes, visando construir uma pauta comum de desenvolvimento econ\u00f4mico e social para a regi\u00e3o.<\/p>\n\n\n\n<p>O diretor da FIEMG Regional ZM, Aur\u00e9lio Marangon Sobrinho, ressaltou o apoio da FIEMG a projetos como o da Zona de Processamento de Exporta\u00e7\u00e3o, enfatizando que realmente temos que trabalhar pelo crescimento da regi\u00e3o, j\u00e1 que a Zona da Mata tem perdido muito na parte econ\u00f4mica, financeira e empreendedora. Uma reuni\u00e3o pr\u00e9via para apresenta\u00e7\u00e3o e discuss\u00e3o desse assunto j\u00e1 havia sido realizada na FIEMG Regional, no dia 01 de dezembro, contando com a presen\u00e7a do presidente Heveraldo Lima de Castro e do diretor Aur\u00e9lio Marangon Sobrinho. Tamb\u00e9m participaram desta reuni\u00e3o o presidente da FIEMG, Fl\u00e1vio Roscoe; os representantes da ABRAZPE, Helson Braga (presidente); Carlos Henrique Policeni (diretor executivo); Em\u00edlia Guimar\u00e3es Braga (advogada e assessora); e o engenheiro e coordenador da\u00a0ZPE\u00a0Zona da Mata, Marnio Camacho.<\/p>\n\n\n\n<p><a href=\"https:\/\/www7.fiemg.com.br\/regionais\/zona-da-mata\/noticias\/detalhe\/fiemg-regional-zm-participa-de-encontro-regional-de-negocios-da-adjfr\">Leia mais<\/a><\/p>\n","protected":false},"excerpt":{"rendered":"<p><small> 2 minutos<\/small> A FIEMG Regional Zona da Mata participou, no dia 09 de dezembro, do Encontro Regional de Neg\u00f3cios \u2013 Perspectivas de Novos Neg\u00f3cios para a Zona da Mata e Campo das Vertentes, realizado pela Ag\u00eancia de Desenvolvimento de Juiz de Fora e Regi\u00e3o (ADJFR), no Green Hill Hot\u00e9is e Eventos. O diretor da entidade e tamb\u00e9m presidente do Sinduscon-JF, Aur\u00e9lio Marangon Sobrinho, esteve presente no evento, refor\u00e7ando o apoio da FIEMG aos projetos apresentados. O Encontro foi realizado de forma h\u00edbrida e teve <a href=\"https:\/\/www.abrazpe.org.br\/index.php\/2021\/12\/18\/fiemg-regional-zm-participa-de-encontro-regional-de-negocios-da-adjfr\/\" class=\"more-link\"><span>Continue lendo<\/span>\u2192<\/a><\/p>\n","protected":false},"author":4,"featured_media":4521,"comment_status":"closed","ping_status":"open","sticky":false,"template":"","format":"standard","meta":{"footnotes":""},"categories":[7],"tags":[],"class_list":["entry","author-adm_hb2018","post-4520","post","type-post","status-publish","format-standard","has-post-thumbnail","category-noticias"],"_links":{"self":[{"href":"https:\/\/www.abrazpe.org.br\/index.php\/wp-json\/wp\/v2\/posts\/4520","targetHints":{"allow":["GET"]}}],"collection":[{"href":"https:\/\/www.abrazpe.org.br\/index.php\/wp-json\/wp\/v2\/posts"}],"about":[{"href":"https:\/\/www.abrazpe.org.br\/index.php\/wp-json\/wp\/v2\/types\/post"}],"author":[{"embeddable":true,"href":"https:\/\/www.abrazpe.org.br\/index.php\/wp-json\/wp\/v2\/users\/4"}],"replies":[{"embeddable":true,"href":"https:\/\/www.abrazpe.org.br\/index.php\/wp-json\/wp\/v2\/comments?post=4520"}],"version-history":[{"count":1,"href":"https:\/\/www.abrazpe.org.br\/index.php\/wp-json\/wp\/v2\/posts\/4520\/revisions"}],"predecessor-version":[{"id":4522,"href":"https:\/\/www.abrazpe.org.br\/index.php\/wp-json\/wp\/v2\/posts\/4520\/revisions\/4522"}],"wp:featuredmedia":[{"embeddable":true,"href":"https:\/\/www.abrazpe.org.br\/index.php\/wp-json\/wp\/v2\/media\/4521"}],"wp:attachment":[{"href":"https:\/\/www.abrazpe.org.br\/index.php\/wp-json\/wp\/v2\/media?parent=4520"}],"wp:term":[{"taxonomy":"category","embeddable":true,"href":"https:\/\/www.abrazpe.org.br\/index.php\/wp-json\/wp\/v2\/categories?post=4520"},{"taxonomy":"post_tag","embeddable":true,"href":"https:\/\/www.abrazpe.org.br\/index.php\/wp-json\/wp\/v2\/tags?post=4520"}],"curies":[{"name":"wp","href":"https:\/\/api.w.org\/{rel}","templated":true}]}}