{"id":4557,"date":"2021-12-30T10:59:11","date_gmt":"2021-12-30T13:59:11","guid":{"rendered":"https:\/\/www.abrazpe.org.br\/?p=4557"},"modified":"2021-12-30T10:59:13","modified_gmt":"2021-12-30T13:59:13","slug":"obras-para-o-alfandegamento-da-zpe-parnaiba-serao-inauguradas-em-fevereiro-anuncia-presidente-da-zpe-e-investe-piaui","status":"publish","type":"post","link":"https:\/\/www.abrazpe.org.br\/index.php\/2021\/12\/30\/obras-para-o-alfandegamento-da-zpe-parnaiba-serao-inauguradas-em-fevereiro-anuncia-presidente-da-zpe-e-investe-piaui\/","title":{"rendered":"Obras para o alfandegamento da ZPE Parna\u00edba ser\u00e3o inauguradas em fevereiro, anuncia presidente da ZPE e Investe Piau\u00ed"},"content":{"rendered":"<p class=\"estimated-read-time\">Tempo de leitura:<small> 2 minutos<\/small><\/p> \n<p>A Zona de Processamento de Exporta\u00e7\u00e3o do Estado do Piau\u00ed, a ZPE Parna\u00edba, estar\u00e1 com toda a sua infraestrutura conclu\u00edda at\u00e9 a metade de fevereiro de 2022, com o cumprimento das exig\u00eancias da Receita Federal para o alfandegamento. A garantia do governo do Estado do Piau\u00ed foi transmitida pelo presidente da empresa p\u00fablica Investe Piau\u00ed e da Companhia Administradora da ZPE Parna\u00edba, economista Victor Almeida.<\/p>\n\n\n\n<p>Como parte da programa\u00e7\u00e3o de inaugura\u00e7\u00e3o, ser\u00e1 realizado dentro da ZPE Parna\u00edba o IV F\u00f3rum Brasileiro de ZPEs com foco na troca de experi\u00eancias entre gestores e investidores e no fomento da cultura exportadora. A inaugura\u00e7\u00e3o da ZPE piauiense est\u00e1 prevista para acontecer na tarde no dia 14 de fevereiro em cerim\u00f4nia presidida pelo governador Wellington Dias.<\/p>\n\n\n\n<p>\u201cOs \u00faltimos investimentos na ZPE Parna\u00edba s\u00e3o da ordem de R$ 8 milh\u00f5es oriundos do caixa do governo do Estado do Piau\u00ed\u201d, informou Victor Almeida, ressaltando que a ZPE representa um investimento estadual de mais de R$ 50 milh\u00f5es desde o in\u00edcio das suas obras. Sobre a etapa de investimentos que ser\u00e1 inaugurada em fevereiro de 2022, o presidente da ZPE informou que se trata de um volume suficiente para a conclus\u00e3o do processo de alfandegamento, a partir de quando as empresas ali instaladas poder\u00e3o operar de acordo com o novo Marco Legal das ZPEs brasileiras.<\/p>\n\n\n\n<p>&nbsp;\u201cN\u00f3s assumimos no dia 04 de abril desse ano, e de l\u00e1 para c\u00e1 realizamos todas as licita\u00e7\u00f5es, contrata\u00e7\u00f5es necess\u00e1rias para a conclus\u00e3o do que \u00e9 exigido pela Receita Federal, pelo CZPE e pelo Minist\u00e9rio da Economia; n\u00e3o h\u00e1 nada pendente da parte do Governo do Estado do Piau\u00ed para o alfandegamento da ZPE Parna\u00edba\u201d, assegurou.<\/p>\n\n\n\n<p>Nesta \u00faltima etapa de implanta\u00e7\u00e3o da ZPE foram realizadas obras importantes como reforma de todos os pr\u00e9dios, aquisi\u00e7\u00e3o e implanta\u00e7\u00e3o de balan\u00e7a rodovi\u00e1ria no \u201cgate\u201d (port\u00e3o) de acesso e sa\u00edda da \u00e1rea alfandegada, gerador de energia de grande capacidade, torres autoportantes para suporte aos setores de tecnologia da informa\u00e7\u00e3o e vigil\u00e2ncia, implanta\u00e7\u00e3o de sistemas de v\u00eddeo-monitoramento e data-center, cercamento e coloca\u00e7\u00e3o de piso intertravado na \u00e1rea de despacho aduaneiro, entre outras obras necess\u00e1rias ao alfandegamento.<\/p>\n\n\n\n<p>Sobre o IV F\u00f3rum de ZPEs, que acontecer\u00e1 nos dias 14 e 15 de fevereiro dentro da programa\u00e7\u00e3o de inaugura\u00e7\u00e3o da ZPE Parna\u00edba, Vitor Almeida ressaltou que ser\u00e1 um importante resgate, pois o evento bienal teve a sua \u00faltima edi\u00e7\u00e3o em 2013, tendo permanecido em compasso de espera do novo Marco Legal das ZPEs que s\u00f3 passou a vigorar recentemente. O F\u00f3rum objetiva discutir temas ligados ao funcionamento das ZPEs e sobre a ind\u00fastria exportadora e o com\u00e9rcio exterior.<\/p>\n\n\n\n<p><a href=\"http:\/\/zpeparnaiba.com\/noticia\/obras-para-o-alfandegamento-da-zpe-parnaiba-serao-inauguradas-em-fevereiro-anuncia-presidente-da-zpe-e-investe-piaui\">Leia mais<\/a><\/p>\n","protected":false},"excerpt":{"rendered":"<p><small> 2 minutos<\/small> A Zona de Processamento de Exporta\u00e7\u00e3o do Estado do Piau\u00ed, a ZPE Parna\u00edba, estar\u00e1 com toda a sua infraestrutura conclu\u00edda at\u00e9 a metade de fevereiro de 2022, com o cumprimento das exig\u00eancias da Receita Federal para o alfandegamento. A garantia do governo do Estado do Piau\u00ed foi transmitida pelo presidente da empresa p\u00fablica Investe Piau\u00ed e da Companhia Administradora da ZPE Parna\u00edba, economista Victor Almeida. Como parte da programa\u00e7\u00e3o de inaugura\u00e7\u00e3o, ser\u00e1 realizado dentro da ZPE Parna\u00edba o IV F\u00f3rum Brasileiro de <a href=\"https:\/\/www.abrazpe.org.br\/index.php\/2021\/12\/30\/obras-para-o-alfandegamento-da-zpe-parnaiba-serao-inauguradas-em-fevereiro-anuncia-presidente-da-zpe-e-investe-piaui\/\" class=\"more-link\"><span>Continue lendo<\/span>\u2192<\/a><\/p>\n","protected":false},"author":4,"featured_media":4558,"comment_status":"closed","ping_status":"open","sticky":false,"template":"","format":"standard","meta":{"footnotes":""},"categories":[7],"tags":[],"class_list":["entry","author-adm_hb2018","post-4557","post","type-post","status-publish","format-standard","has-post-thumbnail","category-noticias"],"_links":{"self":[{"href":"https:\/\/www.abrazpe.org.br\/index.php\/wp-json\/wp\/v2\/posts\/4557","targetHints":{"allow":["GET"]}}],"collection":[{"href":"https:\/\/www.abrazpe.org.br\/index.php\/wp-json\/wp\/v2\/posts"}],"about":[{"href":"https:\/\/www.abrazpe.org.br\/index.php\/wp-json\/wp\/v2\/types\/post"}],"author":[{"embeddable":true,"href":"https:\/\/www.abrazpe.org.br\/index.php\/wp-json\/wp\/v2\/users\/4"}],"replies":[{"embeddable":true,"href":"https:\/\/www.abrazpe.org.br\/index.php\/wp-json\/wp\/v2\/comments?post=4557"}],"version-history":[{"count":1,"href":"https:\/\/www.abrazpe.org.br\/index.php\/wp-json\/wp\/v2\/posts\/4557\/revisions"}],"predecessor-version":[{"id":4559,"href":"https:\/\/www.abrazpe.org.br\/index.php\/wp-json\/wp\/v2\/posts\/4557\/revisions\/4559"}],"wp:featuredmedia":[{"embeddable":true,"href":"https:\/\/www.abrazpe.org.br\/index.php\/wp-json\/wp\/v2\/media\/4558"}],"wp:attachment":[{"href":"https:\/\/www.abrazpe.org.br\/index.php\/wp-json\/wp\/v2\/media?parent=4557"}],"wp:term":[{"taxonomy":"category","embeddable":true,"href":"https:\/\/www.abrazpe.org.br\/index.php\/wp-json\/wp\/v2\/categories?post=4557"},{"taxonomy":"post_tag","embeddable":true,"href":"https:\/\/www.abrazpe.org.br\/index.php\/wp-json\/wp\/v2\/tags?post=4557"}],"curies":[{"name":"wp","href":"https:\/\/api.w.org\/{rel}","templated":true}]}}