{"id":462,"date":"2017-11-24T12:27:02","date_gmt":"2017-11-24T15:27:02","guid":{"rendered":"http:\/\/www.abrazpe.org.br\/?p=462"},"modified":"2017-11-24T12:27:02","modified_gmt":"2017-11-24T15:27:02","slug":"prefeito-de-uberaba-cumpre-agenda-em-brasilia-e-participa-de-reunioes-com-ministros","status":"publish","type":"post","link":"https:\/\/www.abrazpe.org.br\/index.php\/2017\/11\/24\/prefeito-de-uberaba-cumpre-agenda-em-brasilia-e-participa-de-reunioes-com-ministros\/","title":{"rendered":"Prefeito de Uberaba cumpre agenda em Bras\u00edlia e participa de reuni\u00f5es com ministros"},"content":{"rendered":"<p class=\"estimated-read-time\">Tempo de leitura:<small> 3 minutos<\/small><\/p> <div class=\"row content-head\"><span style=\"font-size: 1rem;\">O prefeito de Uberaba, Paulo Piau, est\u00e1 em Bras\u00edlia desde quarta-feira (22) e participou de reuni\u00f5es com dois ministros: Raul Jungmann (Defesa) e Torquato Jardim (Justi\u00e7a).<\/span><\/p>\n<div class=\"column medium-centered medium-19 large-18\"><\/div>\n<\/div>\n<div><\/div>\n<div class=\"mc-article-body\">\n<article>\n<div class=\"mc-column content-text active-extra-styles \" data-block-type=\"unstyled\" data-block-weight=\"46\" data-block-id=\"3\">\n<p class=\"content-text__container \" data-track-category=\"Link no Texto\" data-track-links=\"\">Na quarta-feira, o chefe do Executivo se encontrou com o ministro da Defesa, Raul Jungmann, na sala do vice-presidente da C\u00e2mara dos Deputados, F\u00e1bio Ramalho, acompanhado de Marcos Montes, Aelton Freitas, entre outros deputados mineiros. Participaram da reuni\u00e3o tamb\u00e9m a c\u00fapula da seguran\u00e7a de Minas Gerais.<\/p>\n<\/div>\n<div class=\"mc-column content-text active-extra-styles \" data-block-type=\"unstyled\" data-block-weight=\"63\" data-block-id=\"4\">\n<p class=\"content-text__container \" data-track-category=\"Link no Texto\" data-track-links=\"\">Segundo Piau, quest\u00f5es como o melhor armamento das for\u00e7as de seguran\u00e7a foi discutido. \u201cO ponto central da discuss\u00e3o foi motivado pelo ocorrido recentemente em Uberaba, quando do roubo a empresa Rodoban. Ou seja, armamento com capacidade para as pol\u00edcias Civil e Militar. Jungmann se disp\u00f4s a estudar isto e, inclusive, se tiver dispon\u00edvel, j\u00e1 repassar equipamentos do Ex\u00e9rcito\u201d, disse o prefeito de Uberaba.<\/p>\n<\/div>\n<div class=\"mc-column content-text active-extra-styles \" data-block-type=\"unstyled\" data-block-weight=\"28\" data-block-id=\"5\">\n<p class=\"content-text__container \" data-track-category=\"Link no Texto\" data-track-links=\"\">Ainda na quarta-feira, Piau esteve com Helson Braga, presidente da Associa\u00e7\u00e3o Brasileira de Zonas de Processamento de Exporta\u00e7\u00e3o (ABRAZPE), na Secretaria de Assuntos Internacionais do Minist\u00e9rio do Planejamento.<\/p>\n<\/div>\n<div class=\"mc-column content-text active-extra-styles \" data-block-type=\"unstyled\" data-block-weight=\"60\" data-block-id=\"6\">\n<p class=\"content-text__container \" data-track-category=\"Link no Texto\" data-track-links=\"\">Eles discutiram sobre projeto em discuss\u00e3o no Congresso relativo ao aumento da al\u00edquota para venda interna nas Zonas de Processamento de Exporta\u00e7\u00e3o (ZPE). Paulo Piau tamb\u00e9m esteve na Embaixada Russa, onde teve conversas preliminares com empres\u00e1rios interessados em investir no Brasil, e em projetos como o da UFN 5 (Planta de Am\u00f4nia), Gasoduto e Aeroporto Internacional de Cargas, entre outros.<\/p>\n<\/div>\n<div class=\"mc-column content-text active-extra-styles \" data-block-type=\"unstyled\" data-block-weight=\"59\" data-block-id=\"7\">\n<p class=\"content-text__container \" data-track-category=\"Link no Texto\" data-track-links=\"\">J\u00e1 nesta quinta-feira, Piau e uma comitiva uberabense participaram de reuni\u00e3o em Bras\u00edlia com o ministro da Justi\u00e7a, Torquato Jardim. De acordo com a assessoria de comunica\u00e7\u00e3o da Prefeitura, Jardim garantiu para o prefeito a destina\u00e7\u00e3o de R$ 15 milh\u00f5es para que as pol\u00edcias Civil e Militar da cidade e regi\u00e3o sejam equipadas, com foco no trabalho de intelig\u00eancia.<\/p>\n<\/div>\n<div class=\"mc-column content-text active-extra-styles \" data-block-type=\"unstyled\" data-block-weight=\"31\" data-block-id=\"8\">\n<p class=\"content-text__container \" data-track-category=\"Link no Texto\" data-track-links=\"\">Ainda conforme a assessoria da Prefeitura, Piau esteve na quarta-feira com o ministro da Defesa, Raul Jungmann, que tamb\u00e9m teria afirmado que pretende auxiliar no melhor armamento das pol\u00edcias de Uberaba.<\/p>\n<\/div>\n<div class=\"mc-column content-text active-extra-styles \" data-block-type=\"unstyled\" data-block-weight=\"49\" data-block-id=\"10\">\n<p class=\"content-text__container \" data-track-category=\"Link no Texto\" data-track-links=\"\">\u201cForam reuni\u00f5es objetivas e com bons resultados. Acho que avan\u00e7amos. A criminalidade avan\u00e7a no seu modus operandi e o n\u00f3s n\u00e3o podemos ficar defasados. O que aconteceu em Uberaba (roubo a Rodoban) n\u00e3o aceitamos em definitivo. N\u00e3o podemos ficar ref\u00e9ns de 20 bandidos. Isto \u00e9 inaceit\u00e1vel\u201d, disse o prefeito.<\/p>\n<\/div>\n<div class=\"mc-column content-text active-extra-styles \" data-block-type=\"unstyled\" data-block-weight=\"66\" data-block-id=\"11\">\n<p class=\"content-text__container \" data-track-category=\"Link no Texto\" data-track-links=\"\">Ainda em Bras\u00edlia, o prefeito Paulo Piau esteve na Ag\u00eancia Nacional de Transportes Terrestres (ANTT), com o deputado federal Aelton Freitas, onde cobrou a obra de duplica\u00e7\u00e3o da BR-262, de Uberaba a Nova Serrana, bem como passarelas na regi\u00e3o do Jardim Anat\u00ea, Alvorada, Cartafina, que j\u00e1 est\u00e3o no contrato da concession\u00e1ria e outras que precisam ser constru\u00eddas, como por exemplo, entre os bairros Copacabana e Maraj\u00f3.<\/p>\n<\/div>\n<div class=\"mc-column content-text active-extra-styles \" data-block-type=\"unstyled\" data-block-weight=\"61\" data-block-id=\"12\">\n<p class=\"content-text__container \" data-track-category=\"Link no Texto\" data-track-links=\"\">O prefeito tamb\u00e9m esteve na Secretaria Nacional de Saneamento Ambiental (SNSA), onde refor\u00e7ou o convite para o evento de inaugura\u00e7\u00e3o da ETE que acontece nesta sexta-feira (24). Ainda no Minist\u00e9rio da Cidade, ele foi discutir a entrega de 500 casas do Residencial Isabel do Nascimento, que deve acontecer no dia 15 de dezembro, bem como o projeto da barragem da Prainha.<\/p>\n<\/div>\n<div data-track-category=\"fim do conteudo\" data-track-action=\"ultimo chunk conteudo\" data-track-noninteraction=\"false\" data-track-scroll=\"entrada completa viewport\">\n<div class=\"mc-column content-text active-extra-styles \" data-block-type=\"unstyled\" data-block-weight=\"45\" data-block-id=\"13\">\n<p class=\"content-text__container \" data-track-category=\"Link no Texto\" data-track-links=\"\">Acompanhados da equipe da Amvale, o prefeito Paulo Piau e o deputado Aelton Freitas participaram do evento da Confedera\u00e7\u00e3o Nacional dos Munic\u00edpios, onde Uberaba foi convidada para apresentar seu trabalho com a cria\u00e7\u00e3o do Cons\u00f3rcio Intermunicipal de Desenvolvimento Regional do Vale do Rio Grande (Convale).<\/p>\n<p data-track-category=\"Link no Texto\" data-track-links=\"\">G1 Tri\u00e2ngulo Mineiro, 23\/11\/2017.<\/p>\n<\/div>\n<\/div>\n<\/article>\n<\/div>\n","protected":false},"excerpt":{"rendered":"<p><small> 3 minutos<\/small> O prefeito de Uberaba, Paulo Piau, est\u00e1 em Bras\u00edlia desde quarta-feira (22) e participou de reuni\u00f5es com dois ministros: Raul Jungmann (Defesa) e Torquato Jardim (Justi\u00e7a). Na quarta-feira, o chefe do Executivo se encontrou com o ministro da Defesa, Raul Jungmann, na sala do vice-presidente da C\u00e2mara dos Deputados, F\u00e1bio Ramalho, acompanhado de Marcos Montes, Aelton Freitas, entre outros deputados mineiros. Participaram da reuni\u00e3o tamb\u00e9m a c\u00fapula da seguran\u00e7a de Minas Gerais. Segundo Piau, quest\u00f5es como o melhor armamento das for\u00e7as de <a href=\"https:\/\/www.abrazpe.org.br\/index.php\/2017\/11\/24\/prefeito-de-uberaba-cumpre-agenda-em-brasilia-e-participa-de-reunioes-com-ministros\/\" class=\"more-link\"><span>Continue lendo<\/span>\u2192<\/a><\/p>\n","protected":false},"author":4,"featured_media":132,"comment_status":"closed","ping_status":"open","sticky":false,"template":"","format":"standard","meta":{"footnotes":""},"categories":[7],"tags":[],"class_list":["entry","author-adm_hb2018","post-462","post","type-post","status-publish","format-standard","has-post-thumbnail","category-noticias"],"_links":{"self":[{"href":"https:\/\/www.abrazpe.org.br\/index.php\/wp-json\/wp\/v2\/posts\/462","targetHints":{"allow":["GET"]}}],"collection":[{"href":"https:\/\/www.abrazpe.org.br\/index.php\/wp-json\/wp\/v2\/posts"}],"about":[{"href":"https:\/\/www.abrazpe.org.br\/index.php\/wp-json\/wp\/v2\/types\/post"}],"author":[{"embeddable":true,"href":"https:\/\/www.abrazpe.org.br\/index.php\/wp-json\/wp\/v2\/users\/4"}],"replies":[{"embeddable":true,"href":"https:\/\/www.abrazpe.org.br\/index.php\/wp-json\/wp\/v2\/comments?post=462"}],"version-history":[{"count":2,"href":"https:\/\/www.abrazpe.org.br\/index.php\/wp-json\/wp\/v2\/posts\/462\/revisions"}],"predecessor-version":[{"id":464,"href":"https:\/\/www.abrazpe.org.br\/index.php\/wp-json\/wp\/v2\/posts\/462\/revisions\/464"}],"wp:featuredmedia":[{"embeddable":true,"href":"https:\/\/www.abrazpe.org.br\/index.php\/wp-json\/wp\/v2\/media\/132"}],"wp:attachment":[{"href":"https:\/\/www.abrazpe.org.br\/index.php\/wp-json\/wp\/v2\/media?parent=462"}],"wp:term":[{"taxonomy":"category","embeddable":true,"href":"https:\/\/www.abrazpe.org.br\/index.php\/wp-json\/wp\/v2\/categories?post=462"},{"taxonomy":"post_tag","embeddable":true,"href":"https:\/\/www.abrazpe.org.br\/index.php\/wp-json\/wp\/v2\/tags?post=462"}],"curies":[{"name":"wp","href":"https:\/\/api.w.org\/{rel}","templated":true}]}}