{"id":4625,"date":"2022-01-19T23:12:24","date_gmt":"2022-01-20T02:12:24","guid":{"rendered":"https:\/\/www.abrazpe.org.br\/?p=4625"},"modified":"2022-01-19T23:12:26","modified_gmt":"2022-01-20T02:12:26","slug":"los-proyectos-de-nearshoring-tambien-llegan-a-zonas-francas-colombia","status":"publish","type":"post","link":"https:\/\/www.abrazpe.org.br\/index.php\/2022\/01\/19\/los-proyectos-de-nearshoring-tambien-llegan-a-zonas-francas-colombia\/","title":{"rendered":"Los proyectos de nearshoring tambi\u00e9n llegan a zonas francas &#8211; Colombia."},"content":{"rendered":"<p class=\"estimated-read-time\">Tempo de leitura:<small> 1 minuto<\/small><\/p> \n<p>La&nbsp;Zona Franca de Occidente&nbsp;y su plan maestro que incluye una&nbsp;inversi\u00f3n de 33.600 millones de pesos&nbsp;para los pr\u00f3ximos 10 a\u00f1os, y una inversi\u00f3n estimada de 500 millones de d\u00f3lares para los pr\u00f3ximos 30 a\u00f1os recibieron el aval del ministerio de Comercio, Industria y Turismo a finales del 2021, ratificando la pr\u00f3rroga del parque industrial.<\/p>\n\n\n\n<p>Rosa Mar\u00eda Gamarra, gerente de Zona Franca de Occidente, explic\u00f3 los&nbsp;planes y la estabilidad jur\u00eddica del r\u00e9gimen&nbsp;en Colombia, incentivando a los inversionistas extranjeros a seguir creando desarrollo y crecimiento para el pa\u00eds y la participaci\u00f3n en estrategias como el nearshoring.<\/p>\n\n\n\n<p>Las\u00a0zonas francas\u00a0deben cumplir una serie de requisitos que establece la normal y que igual para todas las empresas que quieran constituirse, nosotros hemos cumplido a cabalidad los compromisos y lo que significa, tenemos ya 13 a\u00f1os de operaci\u00f3n y hemos generados\u00a0m\u00e1s de 184.000 millones de pesos en inversi\u00f3n\u00a0de la mano de nuestros usuarios y para la infraestructura del parque y m\u00e1s de 7.800 empleos entre directos e indirectos.<\/p>\n\n\n\n<p><a href=\"https:\/\/www.portafolio.co\/economia\/finanzas\/los-proyectos-de-nearshoring-llegan-a-zonas-francas-560557\">Lee mas<\/a><\/p>\n","protected":false},"excerpt":{"rendered":"<p><small> 1 minuto<\/small> La&nbsp;Zona Franca de Occidente&nbsp;y su plan maestro que incluye una&nbsp;inversi\u00f3n de 33.600 millones de pesos&nbsp;para los pr\u00f3ximos 10 a\u00f1os, y una inversi\u00f3n estimada de 500 millones de d\u00f3lares para los pr\u00f3ximos 30 a\u00f1os recibieron el aval del ministerio de Comercio, Industria y Turismo a finales del 2021, ratificando la pr\u00f3rroga del parque industrial. Rosa Mar\u00eda Gamarra, gerente de Zona Franca de Occidente, explic\u00f3 los&nbsp;planes y la estabilidad jur\u00eddica del r\u00e9gimen&nbsp;en Colombia, incentivando a los inversionistas extranjeros a seguir creando desarrollo y crecimiento <a href=\"https:\/\/www.abrazpe.org.br\/index.php\/2022\/01\/19\/los-proyectos-de-nearshoring-tambien-llegan-a-zonas-francas-colombia\/\" class=\"more-link\"><span>Continue lendo<\/span>\u2192<\/a><\/p>\n","protected":false},"author":4,"featured_media":4626,"comment_status":"closed","ping_status":"open","sticky":false,"template":"","format":"standard","meta":{"footnotes":""},"categories":[7],"tags":[],"class_list":["entry","author-adm_hb2018","post-4625","post","type-post","status-publish","format-standard","has-post-thumbnail","category-noticias"],"_links":{"self":[{"href":"https:\/\/www.abrazpe.org.br\/index.php\/wp-json\/wp\/v2\/posts\/4625","targetHints":{"allow":["GET"]}}],"collection":[{"href":"https:\/\/www.abrazpe.org.br\/index.php\/wp-json\/wp\/v2\/posts"}],"about":[{"href":"https:\/\/www.abrazpe.org.br\/index.php\/wp-json\/wp\/v2\/types\/post"}],"author":[{"embeddable":true,"href":"https:\/\/www.abrazpe.org.br\/index.php\/wp-json\/wp\/v2\/users\/4"}],"replies":[{"embeddable":true,"href":"https:\/\/www.abrazpe.org.br\/index.php\/wp-json\/wp\/v2\/comments?post=4625"}],"version-history":[{"count":1,"href":"https:\/\/www.abrazpe.org.br\/index.php\/wp-json\/wp\/v2\/posts\/4625\/revisions"}],"predecessor-version":[{"id":4627,"href":"https:\/\/www.abrazpe.org.br\/index.php\/wp-json\/wp\/v2\/posts\/4625\/revisions\/4627"}],"wp:featuredmedia":[{"embeddable":true,"href":"https:\/\/www.abrazpe.org.br\/index.php\/wp-json\/wp\/v2\/media\/4626"}],"wp:attachment":[{"href":"https:\/\/www.abrazpe.org.br\/index.php\/wp-json\/wp\/v2\/media?parent=4625"}],"wp:term":[{"taxonomy":"category","embeddable":true,"href":"https:\/\/www.abrazpe.org.br\/index.php\/wp-json\/wp\/v2\/categories?post=4625"},{"taxonomy":"post_tag","embeddable":true,"href":"https:\/\/www.abrazpe.org.br\/index.php\/wp-json\/wp\/v2\/tags?post=4625"}],"curies":[{"name":"wp","href":"https:\/\/api.w.org\/{rel}","templated":true}]}}