{"id":5128,"date":"2022-05-25T20:43:35","date_gmt":"2022-05-25T23:43:35","guid":{"rendered":"https:\/\/www.abrazpe.org.br\/?p=5128"},"modified":"2022-05-25T20:43:37","modified_gmt":"2022-05-25T23:43:37","slug":"empresarios-visitam-zpe-do-acre-para-avaliar-ampliacao-de-mercado","status":"publish","type":"post","link":"https:\/\/www.abrazpe.org.br\/index.php\/2022\/05\/25\/empresarios-visitam-zpe-do-acre-para-avaliar-ampliacao-de-mercado\/","title":{"rendered":"Empres\u00e1rios visitam ZPE do Acre para avaliar amplia\u00e7\u00e3o de mercado"},"content":{"rendered":"<p class=\"estimated-read-time\">Tempo de leitura:<small> 1 minuto<\/small><\/p> \n<p>Com a mudan\u00e7a da lei federal n\u00ba 11.508\/2007, com altera\u00e7\u00f5es pelas leis n\u00ba 11.732\/2008, 12.767\/2012 e 14.184\/2021, que permitem 100% de vendas para o mercado nacional, o modelo de zona de processamento e exporta\u00e7\u00e3o (ZPE) se tornou um forte atrativo para empres\u00e1rios do mundo todo.<\/p>\n\n\n\n<p>Antes a legisla\u00e7\u00e3o permitia que empresas se instalassem desde que 80% dos produtos fossem exportados e apenas 20% fossem vendidos para o mercado nacional. Com a altera\u00e7\u00e3o, os empres\u00e1rios podem produzir 100% para o pa\u00eds.<\/p>\n\n\n\n<p>\u201cCom a flexibiliza\u00e7\u00e3o da lei, estamos recebendo diversas empresas que est\u00e3o conhecendo a ZPE e percebendo que ela est\u00e1 voltada para o [Oceano] Pac\u00edfico, sendo uma alternativa aos portos brasileiros. Como nosso governador Gladson Cameli sempre fala, precisamos gerar emprego e renda, e \u00e9 isso que a empresa est\u00e1 trazendo, atrav\u00e9s da sua carta de inten\u00e7\u00e3o, que nos foi encaminhada, e estamos confiantes&nbsp;que muitos empregos ser\u00e3o gerados com a implanta\u00e7\u00e3o do empreendimento\u201d, explica o diretor da ZPE, Marcos Moraes.<\/p>\n\n\n\n<p>Henrique Lee, representante de uma empresa chinesa, conta que o investidor buscava um local para ampliar o mercado e fabricar chapa compensada a ser exportada para os Estados Unidos: \u201cSolicitamos uma apresenta\u00e7\u00e3o para ZPE, que foi aceita. \u00c9 um local ideal para implantar e, com a concretiza\u00e7\u00e3o da implanta\u00e7\u00e3o, pretendemos investir 12 milh\u00f5es de reais, gerando 160 empregos diretos e 300 indiretos\u201d.<\/p>\n\n\n\n<p>O governo do Acre, por meio da Secretaria de Ind\u00fastria, Ci\u00eancia e Tecnologia (Seict), tem buscado investidores, para criar um ambiente industrial que ir\u00e1 promover a gera\u00e7\u00e3o de emprego e renda em diversos seguimentos.<\/p>\n\n\n\n<p><a href=\"https:\/\/agencia.ac.gov.br\/empresarios-visitam-zona-de-processamento-de-exportacao-para-avaliar-ampliacao-de-mercado\/\">Leia mais<\/a><\/p>\n","protected":false},"excerpt":{"rendered":"<p><small> 1 minuto<\/small> Com a mudan\u00e7a da lei federal n\u00ba 11.508\/2007, com altera\u00e7\u00f5es pelas leis n\u00ba 11.732\/2008, 12.767\/2012 e 14.184\/2021, que permitem 100% de vendas para o mercado nacional, o modelo de zona de processamento e exporta\u00e7\u00e3o (ZPE) se tornou um forte atrativo para empres\u00e1rios do mundo todo. Antes a legisla\u00e7\u00e3o permitia que empresas se instalassem desde que 80% dos produtos fossem exportados e apenas 20% fossem vendidos para o mercado nacional. Com a altera\u00e7\u00e3o, os empres\u00e1rios podem produzir 100% para o pa\u00eds. \u201cCom a <a href=\"https:\/\/www.abrazpe.org.br\/index.php\/2022\/05\/25\/empresarios-visitam-zpe-do-acre-para-avaliar-ampliacao-de-mercado\/\" class=\"more-link\"><span>Continue lendo<\/span>\u2192<\/a><\/p>\n","protected":false},"author":4,"featured_media":5129,"comment_status":"closed","ping_status":"open","sticky":false,"template":"","format":"standard","meta":{"footnotes":""},"categories":[7],"tags":[],"class_list":["entry","author-adm_hb2018","post-5128","post","type-post","status-publish","format-standard","has-post-thumbnail","category-noticias"],"_links":{"self":[{"href":"https:\/\/www.abrazpe.org.br\/index.php\/wp-json\/wp\/v2\/posts\/5128","targetHints":{"allow":["GET"]}}],"collection":[{"href":"https:\/\/www.abrazpe.org.br\/index.php\/wp-json\/wp\/v2\/posts"}],"about":[{"href":"https:\/\/www.abrazpe.org.br\/index.php\/wp-json\/wp\/v2\/types\/post"}],"author":[{"embeddable":true,"href":"https:\/\/www.abrazpe.org.br\/index.php\/wp-json\/wp\/v2\/users\/4"}],"replies":[{"embeddable":true,"href":"https:\/\/www.abrazpe.org.br\/index.php\/wp-json\/wp\/v2\/comments?post=5128"}],"version-history":[{"count":1,"href":"https:\/\/www.abrazpe.org.br\/index.php\/wp-json\/wp\/v2\/posts\/5128\/revisions"}],"predecessor-version":[{"id":5130,"href":"https:\/\/www.abrazpe.org.br\/index.php\/wp-json\/wp\/v2\/posts\/5128\/revisions\/5130"}],"wp:featuredmedia":[{"embeddable":true,"href":"https:\/\/www.abrazpe.org.br\/index.php\/wp-json\/wp\/v2\/media\/5129"}],"wp:attachment":[{"href":"https:\/\/www.abrazpe.org.br\/index.php\/wp-json\/wp\/v2\/media?parent=5128"}],"wp:term":[{"taxonomy":"category","embeddable":true,"href":"https:\/\/www.abrazpe.org.br\/index.php\/wp-json\/wp\/v2\/categories?post=5128"},{"taxonomy":"post_tag","embeddable":true,"href":"https:\/\/www.abrazpe.org.br\/index.php\/wp-json\/wp\/v2\/tags?post=5128"}],"curies":[{"name":"wp","href":"https:\/\/api.w.org\/{rel}","templated":true}]}}