{"id":538,"date":"2017-12-01T21:34:06","date_gmt":"2017-12-02T00:34:06","guid":{"rendered":"http:\/\/www.abrazpe.org.br\/?p=538"},"modified":"2018-01-13T23:19:08","modified_gmt":"2018-01-14T02:19:08","slug":"forum-internacional-de-zonas-francas","status":"publish","type":"post","link":"https:\/\/www.abrazpe.org.br\/index.php\/2017\/12\/01\/forum-internacional-de-zonas-francas\/","title":{"rendered":"Forum Internacional de Zonas Francas"},"content":{"rendered":"<p class=\"estimated-read-time\">Tempo de leitura:<small> 1 minuto<\/small><\/p> <p>Durante este pr\u00f3ximo diciembre el mundo se reunir\u00e1 en Argentina con motivo de la XI Conferencia Ministerial de la Organizaci\u00f3n Mundial de Comercio (OMC), haciendo de la Ciudad Aut\u00f3noma de Buenos Aires el foco de atenci\u00f3n mundial en dicha materia y concentrando a los principales actores que lideran y que planifican el comercio internacional.<\/p>\n<p>Dicho contexto se constituye en un marco ideal para la realizaci\u00f3n de otras actividades sat\u00e9lites.<\/p>\n<p>En ese marco y como parte de los side-events del CM11, la Organizaci\u00f3n Mundial de Zonas Francas realizar\u00e1 un encuentro con los m\u00e1ximos referentes de las zonas francas a nivel mundial, del que participar\u00e1n adem\u00e1s integrantes y autoridades de zonas francas nacionales y de la regi\u00f3n, representantes del gobierno nacional y provincial y miembros de las universidades m\u00e1s prestigiosas del pa\u00eds. Este encuentro representa no solo la oportunidad para que los actores del comercio internacional latinoamericano entren en contacto con las principales zonas francas a nivel nacional e internacional, sino que tambi\u00e9n es s\u00edntoma de la reinserci\u00f3n de nuestro pa\u00eds en el comercio global.<\/p>\n<p>El Forum, que cuenta con prestigiosos panelistas, girar\u00e1 en torno al debate de las tendencias actuales y las perspectivas futuras de las zonas francas como n\u00facleo de potencial desarrollo para Argentina, en lo que refiere principalmente a la atracci\u00f3n de inversiones y generaci\u00f3n de empleo. Este encuentro, que re\u00fane al sector p\u00fablico y privado, ser\u00e1 una instancia propicia para considerar a las zonas francas nacionales como un instrumento de desarrollo de la econom\u00eda capaces de promover inversiones y en el que se podr\u00e1n articular intereses y objetivos diversos.<\/p>\n<p>Las autoridades de WFZO, el Dr. Mohammed Alzarooni y el Dr. Samir Hamrouni, Chairman y CEO de la organizaci\u00f3n, respectivamente, han expresado expl\u00edcitamente su intenci\u00f3n de poder estrechar y fortalecer lazos con una de las econom\u00edas emergentes m\u00e1s importantes de Latinoam\u00e9rica.<\/p>\n<p><a href=\"http:\/\/www.forumzonasfrancas.com\/?utm_source=newsletter&amp;utm_medium=email&amp;utm_campaign=noviembre_29_enterese_de_lo_que_ocurre_en_las_zonas_francas_de_latam&amp;utm_term=2017-12-02\">Leia mais<\/a><\/p>\n","protected":false},"excerpt":{"rendered":"<p><small> 1 minuto<\/small> Durante este pr\u00f3ximo diciembre el mundo se reunir\u00e1 en Argentina con motivo de la XI Conferencia Ministerial de la Organizaci\u00f3n Mundial de Comercio (OMC), haciendo de la Ciudad Aut\u00f3noma de Buenos Aires el foco de atenci\u00f3n mundial en dicha materia y concentrando a los principales actores que lideran y que planifican el comercio internacional. Dicho contexto se constituye en un marco ideal para la realizaci\u00f3n de otras actividades sat\u00e9lites. En ese marco y como parte de los side-events del CM11, la Organizaci\u00f3n <a href=\"https:\/\/www.abrazpe.org.br\/index.php\/2017\/12\/01\/forum-internacional-de-zonas-francas\/\" class=\"more-link\"><span>Continue lendo<\/span>\u2192<\/a><\/p>\n","protected":false},"author":4,"featured_media":964,"comment_status":"closed","ping_status":"open","sticky":false,"template":"","format":"standard","meta":{"footnotes":""},"categories":[11,7],"tags":[],"class_list":["entry","author-adm_hb2018","post-538","post","type-post","status-publish","format-standard","has-post-thumbnail","category-eventos","category-noticias"],"_links":{"self":[{"href":"https:\/\/www.abrazpe.org.br\/index.php\/wp-json\/wp\/v2\/posts\/538","targetHints":{"allow":["GET"]}}],"collection":[{"href":"https:\/\/www.abrazpe.org.br\/index.php\/wp-json\/wp\/v2\/posts"}],"about":[{"href":"https:\/\/www.abrazpe.org.br\/index.php\/wp-json\/wp\/v2\/types\/post"}],"author":[{"embeddable":true,"href":"https:\/\/www.abrazpe.org.br\/index.php\/wp-json\/wp\/v2\/users\/4"}],"replies":[{"embeddable":true,"href":"https:\/\/www.abrazpe.org.br\/index.php\/wp-json\/wp\/v2\/comments?post=538"}],"version-history":[{"count":4,"href":"https:\/\/www.abrazpe.org.br\/index.php\/wp-json\/wp\/v2\/posts\/538\/revisions"}],"predecessor-version":[{"id":966,"href":"https:\/\/www.abrazpe.org.br\/index.php\/wp-json\/wp\/v2\/posts\/538\/revisions\/966"}],"wp:featuredmedia":[{"embeddable":true,"href":"https:\/\/www.abrazpe.org.br\/index.php\/wp-json\/wp\/v2\/media\/964"}],"wp:attachment":[{"href":"https:\/\/www.abrazpe.org.br\/index.php\/wp-json\/wp\/v2\/media?parent=538"}],"wp:term":[{"taxonomy":"category","embeddable":true,"href":"https:\/\/www.abrazpe.org.br\/index.php\/wp-json\/wp\/v2\/categories?post=538"},{"taxonomy":"post_tag","embeddable":true,"href":"https:\/\/www.abrazpe.org.br\/index.php\/wp-json\/wp\/v2\/tags?post=538"}],"curies":[{"name":"wp","href":"https:\/\/api.w.org\/{rel}","templated":true}]}}