{"id":551,"date":"2017-12-05T07:25:15","date_gmt":"2017-12-05T10:25:15","guid":{"rendered":"http:\/\/www.abrazpe.org.br\/?p=551"},"modified":"2017-12-05T07:30:22","modified_gmt":"2017-12-05T10:30:22","slug":"vice-governador-joao-leao-e-empresarios-fazem-viagem-de-negocio-a-china","status":"publish","type":"post","link":"https:\/\/www.abrazpe.org.br\/index.php\/2017\/12\/05\/vice-governador-joao-leao-e-empresarios-fazem-viagem-de-negocio-a-china\/","title":{"rendered":"Vice-governador Jo\u00e3o Le\u00e3o e empres\u00e1rios fazem viagem de neg\u00f3cio \u00e0 China"},"content":{"rendered":"<p class=\"estimated-read-time\">Tempo de leitura:<small> menos de 1 minuto<\/small><\/p> <figure><img loading=\"lazy\" decoding=\"async\" class=\"size-medium wp-image-552 aligncenter\" src=\"http:\/\/www.abrazpe.org.br\/wp-content\/uploads\/2017\/12\/Captura-de-Tela-2017-12-05-\u00e0s-08.22.15-300x224.png\" alt=\"\" width=\"300\" height=\"224\" srcset=\"https:\/\/www.abrazpe.org.br\/wp-content\/uploads\/2017\/12\/Captura-de-Tela-2017-12-05-\u00e0s-08.22.15-300x224.png 300w, https:\/\/www.abrazpe.org.br\/wp-content\/uploads\/2017\/12\/Captura-de-Tela-2017-12-05-\u00e0s-08.22.15-370x277.png 370w, https:\/\/www.abrazpe.org.br\/wp-content\/uploads\/2017\/12\/Captura-de-Tela-2017-12-05-\u00e0s-08.22.15.png 748w\" sizes=\"auto, (max-width: 300px) 100vw, 300px\" \/><\/figure>\n<hr \/>\n<p>Com a tarefa de apresentar as oportunidades de investimentos e coopera\u00e7\u00e3o oferecidas pela Bahia aos empres\u00e1rios e autoridades chinesas, o vice-governador Jo\u00e3o Le\u00e3o cumpre uma extensa agenda de visitas \u00e0s cidades de Pequim, Tianjin, Xian e Shenzhen. A sua visita inclui participa\u00e7\u00e3o na abertura do F\u00f3rum Internacional sobre as cidades portu\u00e1rias do \u201cBelt and Road\u201d, em Tianjin.<\/p>\n<p>Durante o evento, o gestor exp\u00f5e projetos e oportunidades de neg\u00f3cios que a Bahia oferece, entre os quais a Ponte Salvador &#8211; Ilha de Itaparica (SVO), o Ve\u00edculo Leve sobre Trilhos (VLT), a Ferrovia Oeste Leste (FIOL), o Porto Sul, implanta\u00e7\u00e3o da Zona de Processamento de Exporta\u00e7\u00e3o de Ilh\u00e9us (ZPE). Acompanham o vice-governador o chefe da Casa Civil, Bruno Dauster; o prefeito de Ilh\u00e9us, M\u00e1rio Alexandre; o presidente da ZPE, Ot\u00e1vio Pimentel; e com 23 empres\u00e1rios de diversos setores produtivos da Bahia.<\/p>\n<p>Jornal A TARDE, Salvador, Bahia, 05\/12\/2017.<\/p>\n","protected":false},"excerpt":{"rendered":"<p><small> menos de 1 minuto<\/small> Com a tarefa de apresentar as oportunidades de investimentos e coopera\u00e7\u00e3o oferecidas pela Bahia aos empres\u00e1rios e autoridades chinesas, o vice-governador Jo\u00e3o Le\u00e3o cumpre uma extensa agenda de visitas \u00e0s cidades de Pequim, Tianjin, Xian e Shenzhen. A sua visita inclui participa\u00e7\u00e3o na abertura do F\u00f3rum Internacional sobre as cidades portu\u00e1rias do \u201cBelt and Road\u201d, em Tianjin. Durante o evento, o gestor exp\u00f5e projetos e oportunidades de neg\u00f3cios que a Bahia oferece, entre os quais a Ponte Salvador &#8211; Ilha <a href=\"https:\/\/www.abrazpe.org.br\/index.php\/2017\/12\/05\/vice-governador-joao-leao-e-empresarios-fazem-viagem-de-negocio-a-china\/\" class=\"more-link\"><span>Continue lendo<\/span>\u2192<\/a><\/p>\n","protected":false},"author":4,"featured_media":552,"comment_status":"closed","ping_status":"open","sticky":false,"template":"","format":"standard","meta":{"footnotes":""},"categories":[7],"tags":[],"class_list":["entry","author-adm_hb2018","post-551","post","type-post","status-publish","format-standard","has-post-thumbnail","category-noticias"],"_links":{"self":[{"href":"https:\/\/www.abrazpe.org.br\/index.php\/wp-json\/wp\/v2\/posts\/551","targetHints":{"allow":["GET"]}}],"collection":[{"href":"https:\/\/www.abrazpe.org.br\/index.php\/wp-json\/wp\/v2\/posts"}],"about":[{"href":"https:\/\/www.abrazpe.org.br\/index.php\/wp-json\/wp\/v2\/types\/post"}],"author":[{"embeddable":true,"href":"https:\/\/www.abrazpe.org.br\/index.php\/wp-json\/wp\/v2\/users\/4"}],"replies":[{"embeddable":true,"href":"https:\/\/www.abrazpe.org.br\/index.php\/wp-json\/wp\/v2\/comments?post=551"}],"version-history":[{"count":1,"href":"https:\/\/www.abrazpe.org.br\/index.php\/wp-json\/wp\/v2\/posts\/551\/revisions"}],"predecessor-version":[{"id":553,"href":"https:\/\/www.abrazpe.org.br\/index.php\/wp-json\/wp\/v2\/posts\/551\/revisions\/553"}],"wp:featuredmedia":[{"embeddable":true,"href":"https:\/\/www.abrazpe.org.br\/index.php\/wp-json\/wp\/v2\/media\/552"}],"wp:attachment":[{"href":"https:\/\/www.abrazpe.org.br\/index.php\/wp-json\/wp\/v2\/media?parent=551"}],"wp:term":[{"taxonomy":"category","embeddable":true,"href":"https:\/\/www.abrazpe.org.br\/index.php\/wp-json\/wp\/v2\/categories?post=551"},{"taxonomy":"post_tag","embeddable":true,"href":"https:\/\/www.abrazpe.org.br\/index.php\/wp-json\/wp\/v2\/tags?post=551"}],"curies":[{"name":"wp","href":"https:\/\/api.w.org\/{rel}","templated":true}]}}