{"id":5511,"date":"2023-02-02T19:53:32","date_gmt":"2023-02-02T22:53:32","guid":{"rendered":"https:\/\/www.abrazpe.org.br\/?p=5511"},"modified":"2023-02-02T19:53:33","modified_gmt":"2023-02-02T22:53:33","slug":"ceara-se-alia-a-apexbrasil-para-atrair-novos-investimentos-estrangeiros","status":"publish","type":"post","link":"https:\/\/www.abrazpe.org.br\/index.php\/2023\/02\/02\/ceara-se-alia-a-apexbrasil-para-atrair-novos-investimentos-estrangeiros\/","title":{"rendered":"Cear\u00e1 se alia \u00e0 ApexBrasil para atrair novos investimentos estrangeiros"},"content":{"rendered":"<p class=\"estimated-read-time\">Tempo de leitura:<small> 1 minuto<\/small><\/p> \n<p>Com o potencial do&nbsp;<strong>hub de hidrog\u00eanio verde<\/strong>, da ZPE (Zona de Processamento de Exporta\u00e7\u00e3o) e de toda a ambi\u00eancia de neg\u00f3cios favor\u00e1vel do Cear\u00e1, o Estado busca estreitar a rela\u00e7\u00e3o com a&nbsp;Ag\u00eancia Brasileira de Promo\u00e7\u00e3o de Exporta\u00e7\u00f5es e Investimentos (ApexBrasil). Essa aproxima\u00e7\u00e3o pode gerar novos investimentos estrangeiros para a economia cearense.<\/p>\n\n\n\n<p>Os presidentes da Ag\u00eancia de Desenvolvimento do Estado do Cear\u00e1 (Adece), Danilo Serpa, e da ZPE, Eduardo Neves, reuniram-se nesta quarta-feira (1\u00ba), em Bras\u00edlia, com o presidente da Apex, Jorge Viana. O objetivo foi apresentar as riquezas do Cear\u00e1 e buscar formas de alavancar novas oportunidades.<\/p>\n\n\n\n<p>\u201cFoi um excelente encontro e apresentamos as vantagens de investir no Cear\u00e1, nossa ambi\u00eancia de neg\u00f3cios, as melhores condi\u00e7\u00f5es para exporta\u00e7\u00e3o, como a \u00fanica ZPE em funcionamento do Brasil e as iniciativas pioneiras para o Hub de Hidrog\u00eanio Verde no Estado&#8221;, afirma Danilo.&nbsp;<\/p>\n\n\n\n<p>Segundo ele, o presidente da Apex vir\u00e1 ao Cear\u00e1 em mar\u00e7o. &#8220;Como encaminhamento, ficamos de fechar uma agenda conjunta. Temos governos estadual e federal caminhando em sintonia e essa uni\u00e3o vai gerar excelentes frutos\u201d, detalha o presidente da Adece.<\/p>\n\n\n\n<p>\u201cO presidente Jorge Viana ficou encantando com o modelo de neg\u00f3cio da ZPE Cear\u00e1, de apoio \u00e0s exporta\u00e7\u00f5es, e j\u00e1 prop\u00f4s uma viagem ao nosso Estado para conhecer de perto toda a nossa infraestrutura\u201d, pontua Eduardo Neves.<\/p>\n\n\n\n<p><a href=\"https:\/\/diariodonordeste.verdesmares.com.br\/opiniao\/colunistas\/victor-ximenes\/ceara-se-alia-a-apexbrasil-para-atrair-novos-investimentos-estrangeiros-1.3331075\">Leia mais<\/a><\/p>\n","protected":false},"excerpt":{"rendered":"<p><small> 1 minuto<\/small> Com o potencial do&nbsp;hub de hidrog\u00eanio verde, da ZPE (Zona de Processamento de Exporta\u00e7\u00e3o) e de toda a ambi\u00eancia de neg\u00f3cios favor\u00e1vel do Cear\u00e1, o Estado busca estreitar a rela\u00e7\u00e3o com a&nbsp;Ag\u00eancia Brasileira de Promo\u00e7\u00e3o de Exporta\u00e7\u00f5es e Investimentos (ApexBrasil). Essa aproxima\u00e7\u00e3o pode gerar novos investimentos estrangeiros para a economia cearense. Os presidentes da Ag\u00eancia de Desenvolvimento do Estado do Cear\u00e1 (Adece), Danilo Serpa, e da ZPE, Eduardo Neves, reuniram-se nesta quarta-feira (1\u00ba), em Bras\u00edlia, com o presidente da Apex, Jorge Viana. <a href=\"https:\/\/www.abrazpe.org.br\/index.php\/2023\/02\/02\/ceara-se-alia-a-apexbrasil-para-atrair-novos-investimentos-estrangeiros\/\" class=\"more-link\"><span>Continue lendo<\/span>\u2192<\/a><\/p>\n","protected":false},"author":4,"featured_media":2272,"comment_status":"closed","ping_status":"open","sticky":false,"template":"","format":"standard","meta":{"footnotes":""},"categories":[7],"tags":[],"class_list":["entry","author-adm_hb2018","post-5511","post","type-post","status-publish","format-standard","has-post-thumbnail","category-noticias"],"_links":{"self":[{"href":"https:\/\/www.abrazpe.org.br\/index.php\/wp-json\/wp\/v2\/posts\/5511","targetHints":{"allow":["GET"]}}],"collection":[{"href":"https:\/\/www.abrazpe.org.br\/index.php\/wp-json\/wp\/v2\/posts"}],"about":[{"href":"https:\/\/www.abrazpe.org.br\/index.php\/wp-json\/wp\/v2\/types\/post"}],"author":[{"embeddable":true,"href":"https:\/\/www.abrazpe.org.br\/index.php\/wp-json\/wp\/v2\/users\/4"}],"replies":[{"embeddable":true,"href":"https:\/\/www.abrazpe.org.br\/index.php\/wp-json\/wp\/v2\/comments?post=5511"}],"version-history":[{"count":1,"href":"https:\/\/www.abrazpe.org.br\/index.php\/wp-json\/wp\/v2\/posts\/5511\/revisions"}],"predecessor-version":[{"id":5512,"href":"https:\/\/www.abrazpe.org.br\/index.php\/wp-json\/wp\/v2\/posts\/5511\/revisions\/5512"}],"wp:featuredmedia":[{"embeddable":true,"href":"https:\/\/www.abrazpe.org.br\/index.php\/wp-json\/wp\/v2\/media\/2272"}],"wp:attachment":[{"href":"https:\/\/www.abrazpe.org.br\/index.php\/wp-json\/wp\/v2\/media?parent=5511"}],"wp:term":[{"taxonomy":"category","embeddable":true,"href":"https:\/\/www.abrazpe.org.br\/index.php\/wp-json\/wp\/v2\/categories?post=5511"},{"taxonomy":"post_tag","embeddable":true,"href":"https:\/\/www.abrazpe.org.br\/index.php\/wp-json\/wp\/v2\/tags?post=5511"}],"curies":[{"name":"wp","href":"https:\/\/api.w.org\/{rel}","templated":true}]}}