{"id":5527,"date":"2023-02-17T22:23:44","date_gmt":"2023-02-18T01:23:44","guid":{"rendered":"https:\/\/www.abrazpe.org.br\/?p=5527"},"modified":"2023-02-17T22:26:30","modified_gmt":"2023-02-18T01:26:30","slug":"fundador-de-la-organizacion-mundial-de-zonas-francas-preve-un-fuerte-repunte-exportador-en-el-valle","status":"publish","type":"post","link":"https:\/\/www.abrazpe.org.br\/index.php\/2023\/02\/17\/fundador-de-la-organizacion-mundial-de-zonas-francas-preve-un-fuerte-repunte-exportador-en-el-valle\/","title":{"rendered":"<strong>Fundador de la organizaci\u00f3n mundial de zonas francas prev\u00e9 un fuerte repunte exportador en el Valle<\/strong>"},"content":{"rendered":"<p class=\"estimated-read-time\">Tempo de leitura:<small> menos de 1 minuto<\/small><\/p> \n<p>Colombia debe fortalecer las zonas francas, ya que son territorios claves para el comercio exterior. En el 2021 el pa\u00eds contaba con alrededor de 100 parques y hoy ya son 122, lo que demuestra su importancia para la actividad econ\u00f3mica y productiva de la Naci\u00f3n.<\/p>\n\n\n\n<p>As\u00ed piensa Mart\u00edn Gustavo Ibarra Pardo, quien es quiz\u00e1 una de las voces con m\u00e1s autoridad para hablar de zonas francas en el pa\u00eds.&nbsp;<\/p>\n\n\n\n<p>Abogado de la Universidad Javeriana de Bogot\u00e1 y especialista en Promoci\u00f3n de Exportaciones, afirma que estos parques son el mecanismo m\u00e1s acertado para que las empresas exportadoras las utilicen como plataforma exportadora.<\/p>\n\n\n\n<p>Asimismo, asegura que la reforma tributaria favoreci\u00f3 estos parques de comercio exterior exonerando de compromisos tributarios a seis sectores seleccionados.<\/p>\n\n\n\n<p>En su visita a Cali aprovech\u00f3 para hablar con El Pa\u00eds y asistir a la inauguraci\u00f3n de la primera planta de energ\u00eda solar que servir\u00e1 a la Zona Franca del Pac\u00edfico.<\/p>\n\n\n\n<p><a href=\"https:\/\/www.elpais.com.co\/economia\/fundador-de-la-organizacion-mundial-de-zonas-francas-preve-un-fuerte-repunte-exportador-en-el-valle.html\">Leer m\u00e1s<\/a><\/p>\n","protected":false},"excerpt":{"rendered":"<p><small> menos de 1 minuto<\/small> Colombia debe fortalecer las zonas francas, ya que son territorios claves para el comercio exterior. En el 2021 el pa\u00eds contaba con alrededor de 100 parques y hoy ya son 122, lo que demuestra su importancia para la actividad econ\u00f3mica y productiva de la Naci\u00f3n. As\u00ed piensa Mart\u00edn Gustavo Ibarra Pardo, quien es quiz\u00e1 una de las voces con m\u00e1s autoridad para hablar de zonas francas en el pa\u00eds.&nbsp; Abogado de la Universidad Javeriana de Bogot\u00e1 y especialista en Promoci\u00f3n <a href=\"https:\/\/www.abrazpe.org.br\/index.php\/2023\/02\/17\/fundador-de-la-organizacion-mundial-de-zonas-francas-preve-un-fuerte-repunte-exportador-en-el-valle\/\" class=\"more-link\"><span>Continue lendo<\/span>\u2192<\/a><\/p>\n","protected":false},"author":4,"featured_media":5529,"comment_status":"closed","ping_status":"open","sticky":false,"template":"","format":"standard","meta":{"footnotes":""},"categories":[7],"tags":[],"class_list":["entry","author-adm_hb2018","post-5527","post","type-post","status-publish","format-standard","has-post-thumbnail","category-noticias"],"_links":{"self":[{"href":"https:\/\/www.abrazpe.org.br\/index.php\/wp-json\/wp\/v2\/posts\/5527","targetHints":{"allow":["GET"]}}],"collection":[{"href":"https:\/\/www.abrazpe.org.br\/index.php\/wp-json\/wp\/v2\/posts"}],"about":[{"href":"https:\/\/www.abrazpe.org.br\/index.php\/wp-json\/wp\/v2\/types\/post"}],"author":[{"embeddable":true,"href":"https:\/\/www.abrazpe.org.br\/index.php\/wp-json\/wp\/v2\/users\/4"}],"replies":[{"embeddable":true,"href":"https:\/\/www.abrazpe.org.br\/index.php\/wp-json\/wp\/v2\/comments?post=5527"}],"version-history":[{"count":2,"href":"https:\/\/www.abrazpe.org.br\/index.php\/wp-json\/wp\/v2\/posts\/5527\/revisions"}],"predecessor-version":[{"id":5530,"href":"https:\/\/www.abrazpe.org.br\/index.php\/wp-json\/wp\/v2\/posts\/5527\/revisions\/5530"}],"wp:featuredmedia":[{"embeddable":true,"href":"https:\/\/www.abrazpe.org.br\/index.php\/wp-json\/wp\/v2\/media\/5529"}],"wp:attachment":[{"href":"https:\/\/www.abrazpe.org.br\/index.php\/wp-json\/wp\/v2\/media?parent=5527"}],"wp:term":[{"taxonomy":"category","embeddable":true,"href":"https:\/\/www.abrazpe.org.br\/index.php\/wp-json\/wp\/v2\/categories?post=5527"},{"taxonomy":"post_tag","embeddable":true,"href":"https:\/\/www.abrazpe.org.br\/index.php\/wp-json\/wp\/v2\/tags?post=5527"}],"curies":[{"name":"wp","href":"https:\/\/api.w.org\/{rel}","templated":true}]}}