{"id":5605,"date":"2023-04-16T16:46:39","date_gmt":"2023-04-16T19:46:39","guid":{"rendered":"https:\/\/www.abrazpe.org.br\/?p=5605"},"modified":"2023-04-16T16:46:40","modified_gmt":"2023-04-16T19:46:40","slug":"codec-apresenta-projeto-da-zpe-de-barcarena-a-presidente-em-exercicio-do-brasil","status":"publish","type":"post","link":"https:\/\/www.abrazpe.org.br\/index.php\/2023\/04\/16\/codec-apresenta-projeto-da-zpe-de-barcarena-a-presidente-em-exercicio-do-brasil\/","title":{"rendered":"Codec apresenta projeto da ZPE de Barcarena a presidente em exerc\u00edcio do Brasil"},"content":{"rendered":"<p class=\"estimated-read-time\">Tempo de leitura:<small> 2 minutos<\/small><\/p> \n<p>A Companhia de Desenvolvimento Econ\u00f4mico do Par\u00e1 (Codec) participou, nesta ter\u00e7a-feira (11), em Bras\u00edlia (DF), de uma reuni\u00e3o com o presidente em exerc\u00edcio do Brasil e ministro do Desenvolvimento, Ind\u00fastria, Com\u00e9rcio e Servi\u00e7os, Geraldo Alckmin. Na oportunidade, foi apresentado a Alckmin o projeto da Zona de Processamento de Exporta\u00e7\u00f5es de Barcarena (ZPE), iniciativa que tem por objetivo fortalecer o processo de industrializa\u00e7\u00e3o e verticaliza\u00e7\u00e3o da produ\u00e7\u00e3o no Estado, al\u00e9m de intensificar a exporta\u00e7\u00e3o de produtos acabados a partir do Par\u00e1.<\/p>\n\n\n\n<p>O encontro foi articulado pelo Deputado Federal Airton Faleiro (PT-PA) e reuniu parlamentares paraenses e representantes do setor produtivo, incluindo a Federa\u00e7\u00e3o das Ind\u00fastrias do Par\u00e1 (Fiepa), Federa\u00e7\u00e3o do Com\u00e9rcio do Par\u00e1 (Fecom\u00e9rcio), Associa\u00e7\u00e3o Comercial de Marab\u00e1, Federa\u00e7\u00e3o Nacional dos Trabalhadores e Trabalhadoras na Agricultura Familiar (Fetraf), Associa\u00e7\u00e3o Comercial de Santar\u00e9m, al\u00e9m da Secretaria de Desenvolvimento Econ\u00f4mico, Minera\u00e7\u00e3o e Energia (Sedeme). A Codec foi representada pelo Diretor de Estrat\u00e9gia e Rela\u00e7\u00f5es Institucionais, P\u00e1dua Rodrigues.&nbsp;<\/p>\n\n\n\n<p>Conduzido pela Companhia de Desenvolvimento Econ\u00f4mico, o projeto da ZPE Barcarena prev\u00ea espa\u00e7o para a implanta\u00e7\u00e3o de at\u00e9 35 plantas industriais voltadas \u00e0 produ\u00e7\u00e3o e exporta\u00e7\u00e3o a partir do porto de Vila do Conde, um dos mais movimentados do chamado Arco Norte, resultando na gera\u00e7\u00e3o de emprego e renda em cadeia, a come\u00e7ar pelo munic\u00edpio e em toda a sua regi\u00e3o.&nbsp;<\/p>\n\n\n\n<p>Lutfala Bitar, presidente da Codec, destacou a relev\u00e2ncia do encontro com o presidente para a retomada do projeto da 1\u00aa ZPE do Par\u00e1. \u201cEstivemos hoje com o presidente em exerc\u00edcio do Brasil, Geraldo Alckmin, discutindo o projeto da implanta\u00e7\u00e3o da ZPE de Barcarena e nessa oportunidade, al\u00e9m de falar do nosso projeto, tamb\u00e9m tivemos a oportunidade de sugerir que o Conselho Nacional das ZPE\u2019s hoje sob o Minist\u00e9rio da Fazenda, passasse para o Minist\u00e9rio do Desenvolvimento, Ind\u00fastria, Com\u00e9rcio e Servi\u00e7os, o que para nossa surpresa foi informado pelo presidente Alckmin que j\u00e1 vem sendo implementado.<\/p>\n\n\n\n<p>\u00a0Ent\u00e3o, essa foi uma primeira reuni\u00e3o, da qual participaram tamb\u00e9m outras institui\u00e7\u00f5es e entidades do Par\u00e1, e a partir da qual n\u00f3s temos expectativa de que traga excelentes frutos ao Par\u00e1 a partir de agora, come\u00e7ando pela retomada do processo da implanta\u00e7\u00e3o da nossa ZPE \u201c, disse.\u00a0<\/p>\n\n\n\n<p><a href=\"https:\/\/www.codec.pa.gov.br\/codec-apresenta-projeto-da-zpe-de-barcarena-a-presidente-em-exercicio-do-brasil\/\">Leia mais<\/a><\/p>\n","protected":false},"excerpt":{"rendered":"<p><small> 2 minutos<\/small> A Companhia de Desenvolvimento Econ\u00f4mico do Par\u00e1 (Codec) participou, nesta ter\u00e7a-feira (11), em Bras\u00edlia (DF), de uma reuni\u00e3o com o presidente em exerc\u00edcio do Brasil e ministro do Desenvolvimento, Ind\u00fastria, Com\u00e9rcio e Servi\u00e7os, Geraldo Alckmin. Na oportunidade, foi apresentado a Alckmin o projeto da Zona de Processamento de Exporta\u00e7\u00f5es de Barcarena (ZPE), iniciativa que tem por objetivo fortalecer o processo de industrializa\u00e7\u00e3o e verticaliza\u00e7\u00e3o da produ\u00e7\u00e3o no Estado, al\u00e9m de intensificar a exporta\u00e7\u00e3o de produtos acabados a partir do Par\u00e1. O encontro <a href=\"https:\/\/www.abrazpe.org.br\/index.php\/2023\/04\/16\/codec-apresenta-projeto-da-zpe-de-barcarena-a-presidente-em-exercicio-do-brasil\/\" class=\"more-link\"><span>Continue lendo<\/span>\u2192<\/a><\/p>\n","protected":false},"author":4,"featured_media":5606,"comment_status":"closed","ping_status":"open","sticky":false,"template":"","format":"standard","meta":{"footnotes":""},"categories":[7],"tags":[],"class_list":["entry","author-adm_hb2018","post-5605","post","type-post","status-publish","format-standard","has-post-thumbnail","category-noticias"],"_links":{"self":[{"href":"https:\/\/www.abrazpe.org.br\/index.php\/wp-json\/wp\/v2\/posts\/5605","targetHints":{"allow":["GET"]}}],"collection":[{"href":"https:\/\/www.abrazpe.org.br\/index.php\/wp-json\/wp\/v2\/posts"}],"about":[{"href":"https:\/\/www.abrazpe.org.br\/index.php\/wp-json\/wp\/v2\/types\/post"}],"author":[{"embeddable":true,"href":"https:\/\/www.abrazpe.org.br\/index.php\/wp-json\/wp\/v2\/users\/4"}],"replies":[{"embeddable":true,"href":"https:\/\/www.abrazpe.org.br\/index.php\/wp-json\/wp\/v2\/comments?post=5605"}],"version-history":[{"count":1,"href":"https:\/\/www.abrazpe.org.br\/index.php\/wp-json\/wp\/v2\/posts\/5605\/revisions"}],"predecessor-version":[{"id":5607,"href":"https:\/\/www.abrazpe.org.br\/index.php\/wp-json\/wp\/v2\/posts\/5605\/revisions\/5607"}],"wp:featuredmedia":[{"embeddable":true,"href":"https:\/\/www.abrazpe.org.br\/index.php\/wp-json\/wp\/v2\/media\/5606"}],"wp:attachment":[{"href":"https:\/\/www.abrazpe.org.br\/index.php\/wp-json\/wp\/v2\/media?parent=5605"}],"wp:term":[{"taxonomy":"category","embeddable":true,"href":"https:\/\/www.abrazpe.org.br\/index.php\/wp-json\/wp\/v2\/categories?post=5605"},{"taxonomy":"post_tag","embeddable":true,"href":"https:\/\/www.abrazpe.org.br\/index.php\/wp-json\/wp\/v2\/tags?post=5605"}],"curies":[{"name":"wp","href":"https:\/\/api.w.org\/{rel}","templated":true}]}}