{"id":5689,"date":"2023-05-26T20:44:10","date_gmt":"2023-05-26T23:44:10","guid":{"rendered":"https:\/\/www.abrazpe.org.br\/?p=5689"},"modified":"2023-05-26T20:44:10","modified_gmt":"2023-05-26T23:44:10","slug":"rafael-fonteles-busca-apoio-do-governo-federal-para-mais-investimentos-na-zpe-de-parnaiba","status":"publish","type":"post","link":"https:\/\/www.abrazpe.org.br\/index.php\/2023\/05\/26\/rafael-fonteles-busca-apoio-do-governo-federal-para-mais-investimentos-na-zpe-de-parnaiba\/","title":{"rendered":"Rafael Fonteles busca apoio do governo federal para mais investimentos na ZPE de Parna\u00edba\u00a0"},"content":{"rendered":"<p class=\"estimated-read-time\">Tempo de leitura:<small> 1 minuto<\/small><\/p> \n<p>O governador Rafael Fonteles esteve reunido, nessa quarta-feira (24), em Bras\u00edlia com o vice-presidente da Rep\u00fablica e ministro da Ind\u00fastria e Com\u00e9rcio, Geraldo Alckmin, para tratar do processo de instala\u00e7\u00e3o de novas empresas na Zona de Processamento de Exporta\u00e7\u00e3o (ZPE) do Piau\u00ed, localizada em Parna\u00edba. O local foi inaugurado em fevereiro de 2022 e representa um marco na atra\u00e7\u00e3o de investimentos e perspectivas de novos neg\u00f3cios para o estado.<\/p>\n\n\n\n<p>\u201cTratamos sobre a Zona de Processamento de Exporta\u00e7\u00e3o (ZPE) de Parna\u00edba, que tem muito potencial para gerar riqueza, empregos e oportunidades. As perspectivas s\u00e3o excelentes e, em parceria com o governo federal, vamos trabalhar para alcan\u00e7ar outro patamar de desenvolvimento para nosso Piau\u00ed e nossa gente\u201d, explicou o governador.<\/p>\n\n\n\n<p>J\u00e1 o ministro da Ind\u00fastria e Com\u00e9rcio afirmou que at\u00e9 15 de junho deve realizar a reuni\u00e3o dos Conselhos das ZPEs para autorizar os 14 projetos de instala\u00e7\u00e3o das novas empresas que est\u00e3o aguardando libera\u00e7\u00e3o de Bras\u00edlia. \u201cMuito proveitosa a reuni\u00e3o com o governador Rafael e sua equipe. Queremos o mais r\u00e1pido poss\u00edvel a ZPE de Parna\u00edba com investimento, gerando empregos, gerando riqueza, promovendo o desenvolvimento do estado e ajudando o Piau\u00ed\u201d, ressaltou Geraldo Alckmin.<\/p>\n\n\n\n<p><a href=\"https:\/\/www.pi.gov.br\/noticias\/rafael-fonteles-busca-apoio-do-governo-federal-para-mais-investimentos-na-zpe-de-parnaiba\/\">Leia mais<\/a><\/p>\n","protected":false},"excerpt":{"rendered":"<p><small> 1 minuto<\/small> O governador Rafael Fonteles esteve reunido, nessa quarta-feira (24), em Bras\u00edlia com o vice-presidente da Rep\u00fablica e ministro da Ind\u00fastria e Com\u00e9rcio, Geraldo Alckmin, para tratar do processo de instala\u00e7\u00e3o de novas empresas na Zona de Processamento de Exporta\u00e7\u00e3o (ZPE) do Piau\u00ed, localizada em Parna\u00edba. O local foi inaugurado em fevereiro de 2022 e representa um marco na atra\u00e7\u00e3o de investimentos e perspectivas de novos neg\u00f3cios para o estado. \u201cTratamos sobre a Zona de Processamento de Exporta\u00e7\u00e3o (ZPE) de Parna\u00edba, que tem <a href=\"https:\/\/www.abrazpe.org.br\/index.php\/2023\/05\/26\/rafael-fonteles-busca-apoio-do-governo-federal-para-mais-investimentos-na-zpe-de-parnaiba\/\" class=\"more-link\"><span>Continue lendo<\/span>\u2192<\/a><\/p>\n","protected":false},"author":4,"featured_media":5690,"comment_status":"closed","ping_status":"open","sticky":false,"template":"","format":"standard","meta":{"footnotes":""},"categories":[7],"tags":[],"class_list":["entry","author-adm_hb2018","post-5689","post","type-post","status-publish","format-standard","has-post-thumbnail","category-noticias"],"_links":{"self":[{"href":"https:\/\/www.abrazpe.org.br\/index.php\/wp-json\/wp\/v2\/posts\/5689","targetHints":{"allow":["GET"]}}],"collection":[{"href":"https:\/\/www.abrazpe.org.br\/index.php\/wp-json\/wp\/v2\/posts"}],"about":[{"href":"https:\/\/www.abrazpe.org.br\/index.php\/wp-json\/wp\/v2\/types\/post"}],"author":[{"embeddable":true,"href":"https:\/\/www.abrazpe.org.br\/index.php\/wp-json\/wp\/v2\/users\/4"}],"replies":[{"embeddable":true,"href":"https:\/\/www.abrazpe.org.br\/index.php\/wp-json\/wp\/v2\/comments?post=5689"}],"version-history":[{"count":1,"href":"https:\/\/www.abrazpe.org.br\/index.php\/wp-json\/wp\/v2\/posts\/5689\/revisions"}],"predecessor-version":[{"id":5691,"href":"https:\/\/www.abrazpe.org.br\/index.php\/wp-json\/wp\/v2\/posts\/5689\/revisions\/5691"}],"wp:featuredmedia":[{"embeddable":true,"href":"https:\/\/www.abrazpe.org.br\/index.php\/wp-json\/wp\/v2\/media\/5690"}],"wp:attachment":[{"href":"https:\/\/www.abrazpe.org.br\/index.php\/wp-json\/wp\/v2\/media?parent=5689"}],"wp:term":[{"taxonomy":"category","embeddable":true,"href":"https:\/\/www.abrazpe.org.br\/index.php\/wp-json\/wp\/v2\/categories?post=5689"},{"taxonomy":"post_tag","embeddable":true,"href":"https:\/\/www.abrazpe.org.br\/index.php\/wp-json\/wp\/v2\/tags?post=5689"}],"curies":[{"name":"wp","href":"https:\/\/api.w.org\/{rel}","templated":true}]}}