{"id":5692,"date":"2023-05-26T21:23:06","date_gmt":"2023-05-27T00:23:06","guid":{"rendered":"https:\/\/www.abrazpe.org.br\/?p=5692"},"modified":"2023-05-26T21:23:06","modified_gmt":"2023-05-27T00:23:06","slug":"alfandega-da-zpe-piaui-despacha-mais-20-toneladas-de-cera-de-carnauba-para-a-europa","status":"publish","type":"post","link":"https:\/\/www.abrazpe.org.br\/index.php\/2023\/05\/26\/alfandega-da-zpe-piaui-despacha-mais-20-toneladas-de-cera-de-carnauba-para-a-europa\/","title":{"rendered":"Alf\u00e2ndega da ZPE Piau\u00ed despacha mais 20 toneladas de cera de carna\u00faba para a Europa"},"content":{"rendered":"<p class=\"estimated-read-time\">Tempo de leitura:<small> 1 minuto<\/small><\/p> \n<p>A ind\u00fastria Agrocera, instalada na Zona de Processamento de Exporta\u00e7\u00e3o (ZPE) do Piau\u00ed, em Parna\u00edba, concluiu, nesta quinta-feira (25), mais uma opera\u00e7\u00e3o de despacho aduaneiro. Foram despachadas 20 toneladas de cera de carna\u00faba, em escamas, destinadas \u00e0 exporta\u00e7\u00e3o. A mercadoria passou pelo \u201cgate\u201d da \u00c1rea de Despacho Aduaneiro da ZPE, onde ocorreu o procedimento de embara\u00e7o aduaneiro, seguindo, depois, j\u00e1 em tr\u00e2nsito internacional, para o Porto de Pec\u00e9m, no Cear\u00e1.<\/p>\n\n\n\n<p>Segundo S\u00e9rgio Meireles, da empresa Agrocera, o produto ser\u00e1 exportado para a Europa, por meio do Porto de Amsterdam, na Holanda.<\/p>\n\n\n\n<p>O presidente da ZPE Piau\u00ed, \u00c1lvaro Nolleto, destacou o significado das exporta\u00e7\u00f5es iniciadas em novembro do ano passado por meio da alf\u00e2ndega da ZPE. Ele ressaltou que essa conquista \u00e9 uma das grandes vit\u00f3rias do Governo do Estado, sob a gest\u00e3o do governador Rafael Fonteles, marcando tamb\u00e9m o pioneirismo do empres\u00e1rio Marcelo Sombra, diretor da exportadora Agrocera. \u201cO Piau\u00ed come\u00e7a efetivamente a usufruir dos benef\u00edcios de ter uma ZPE, com resultados que impactar\u00e3o positivamente nos resultados da balan\u00e7a comercial do nosso estado\u201d, disse o gestor.<\/p>\n\n\n\n<p>Ainda segundo \u00c1lvaro Nolleto, a ZPE Piau\u00ed, situada estrategicamente no nordeste do Brasil, caminha para se tornar um importante polo de exporta\u00e7\u00e3o, impulsionando a economia regional e trazendo benef\u00edcios significativos para o estado do Piau\u00ed.<\/p>\n\n\n\n<p>A cera de carna\u00faba, extra\u00edda das folhas da palmeira de carna\u00faba, \u00e9 amplamente utilizada nas ind\u00fastrias de cosm\u00e9ticos, automotiva, farmac\u00eautica e aliment\u00edcia, devido \u00e0s propriedades \u00fanicas.<\/p>\n\n\n\n<p><a href=\"https:\/\/www.pi.gov.br\/noticias\/alfandega-da-zpe-piaui-despacha-mais-20-toneladas-de-cera-de-carnauba-para-a-europa\/\">Leia mais<\/a><\/p>\n","protected":false},"excerpt":{"rendered":"<p><small> 1 minuto<\/small> A ind\u00fastria Agrocera, instalada na Zona de Processamento de Exporta\u00e7\u00e3o (ZPE) do Piau\u00ed, em Parna\u00edba, concluiu, nesta quinta-feira (25), mais uma opera\u00e7\u00e3o de despacho aduaneiro. Foram despachadas 20 toneladas de cera de carna\u00faba, em escamas, destinadas \u00e0 exporta\u00e7\u00e3o. A mercadoria passou pelo \u201cgate\u201d da \u00c1rea de Despacho Aduaneiro da ZPE, onde ocorreu o procedimento de embara\u00e7o aduaneiro, seguindo, depois, j\u00e1 em tr\u00e2nsito internacional, para o Porto de Pec\u00e9m, no Cear\u00e1. Segundo S\u00e9rgio Meireles, da empresa Agrocera, o produto ser\u00e1 exportado para a <a href=\"https:\/\/www.abrazpe.org.br\/index.php\/2023\/05\/26\/alfandega-da-zpe-piaui-despacha-mais-20-toneladas-de-cera-de-carnauba-para-a-europa\/\" class=\"more-link\"><span>Continue lendo<\/span>\u2192<\/a><\/p>\n","protected":false},"author":4,"featured_media":5651,"comment_status":"closed","ping_status":"open","sticky":false,"template":"","format":"standard","meta":{"footnotes":""},"categories":[7],"tags":[],"class_list":["entry","author-adm_hb2018","post-5692","post","type-post","status-publish","format-standard","has-post-thumbnail","category-noticias"],"_links":{"self":[{"href":"https:\/\/www.abrazpe.org.br\/index.php\/wp-json\/wp\/v2\/posts\/5692","targetHints":{"allow":["GET"]}}],"collection":[{"href":"https:\/\/www.abrazpe.org.br\/index.php\/wp-json\/wp\/v2\/posts"}],"about":[{"href":"https:\/\/www.abrazpe.org.br\/index.php\/wp-json\/wp\/v2\/types\/post"}],"author":[{"embeddable":true,"href":"https:\/\/www.abrazpe.org.br\/index.php\/wp-json\/wp\/v2\/users\/4"}],"replies":[{"embeddable":true,"href":"https:\/\/www.abrazpe.org.br\/index.php\/wp-json\/wp\/v2\/comments?post=5692"}],"version-history":[{"count":1,"href":"https:\/\/www.abrazpe.org.br\/index.php\/wp-json\/wp\/v2\/posts\/5692\/revisions"}],"predecessor-version":[{"id":5694,"href":"https:\/\/www.abrazpe.org.br\/index.php\/wp-json\/wp\/v2\/posts\/5692\/revisions\/5694"}],"wp:featuredmedia":[{"embeddable":true,"href":"https:\/\/www.abrazpe.org.br\/index.php\/wp-json\/wp\/v2\/media\/5651"}],"wp:attachment":[{"href":"https:\/\/www.abrazpe.org.br\/index.php\/wp-json\/wp\/v2\/media?parent=5692"}],"wp:term":[{"taxonomy":"category","embeddable":true,"href":"https:\/\/www.abrazpe.org.br\/index.php\/wp-json\/wp\/v2\/categories?post=5692"},{"taxonomy":"post_tag","embeddable":true,"href":"https:\/\/www.abrazpe.org.br\/index.php\/wp-json\/wp\/v2\/tags?post=5692"}],"curies":[{"name":"wp","href":"https:\/\/api.w.org\/{rel}","templated":true}]}}