{"id":5738,"date":"2023-06-28T07:34:58","date_gmt":"2023-06-28T10:34:58","guid":{"rendered":"https:\/\/www.abrazpe.org.br\/?p=5738"},"modified":"2023-06-28T07:42:38","modified_gmt":"2023-06-28T10:42:38","slug":"ceara-destaca-potencial-de-hidrogenio-verde-ao-senado","status":"publish","type":"post","link":"https:\/\/www.abrazpe.org.br\/index.php\/2023\/06\/28\/ceara-destaca-potencial-de-hidrogenio-verde-ao-senado\/","title":{"rendered":"CE impulsiona futuro sustent\u00e1vel com Hidrog\u00eanio Verde em audi\u00eancia no Senado"},"content":{"rendered":"<p class=\"estimated-read-time\">Tempo de leitura:<small> 2 minutos<\/small><\/p> \n<p>O Cear\u00e1 apresentou seu potencial de produ\u00e7\u00e3o de Hidrog\u00eanio Verde em uma audi\u00eancia realizada no Complexo do Pec\u00e9m, em S\u00e3o Gon\u00e7alo do Amarante, perante a Comiss\u00e3o Especial do combust\u00edvel no Senado Federal. O encontro teve como objetivo discutir as iniciativas do estado em rela\u00e7\u00e3o \u00e0s energias renov\u00e1veis, com destaque para o Hidrog\u00eanio Verde.<\/p>\n\n\n\n<p>O governador Elmano de Freitas ressaltou os esfor\u00e7os do Governo do Cear\u00e1 para atrair investimentos e viabilizar o Hub de Hidrog\u00eanio Verde. Atualmente, existem 30 memorandos de entendimento entre o estado e empresas privadas interessadas em investir na explora\u00e7\u00e3o desse combust\u00edvel na regi\u00e3o cearense. Esses protocolos de inten\u00e7\u00e3o representam mais de 8 bilh\u00f5es de d\u00f3lares em investimentos. O governador destacou a oportunidade hist\u00f3rica de aumentar a renda da popula\u00e7\u00e3o e promover o desenvolvimento econ\u00f4mico por meio da mudan\u00e7a na matriz energ\u00e9tica.<\/p>\n\n\n\n<p>A Comiss\u00e3o, presidida pelo senador Cid Gomes, tem como objetivo debater pol\u00edticas p\u00fablicas relacionadas ao Hidrog\u00eanio Verde, estimulando o avan\u00e7o dessa tecnologia de energia limpa em escala e avaliando pol\u00edticas que incentivem a cadeia de produ\u00e7\u00e3o. O senador ressaltou a import\u00e2ncia de regulamentar o Hidrog\u00eanio Verde para atrair mais empresas e consolidar o Cear\u00e1 como refer\u00eancia nesse campo.<\/p>\n\n\n\n<p>Al\u00e9m do governador e do presidente da Comiss\u00e3o, estiveram presentes na solenidade representantes do governo, autoridades locais e l\u00edderes empresariais. O secret\u00e1rio do Desenvolvimento Econ\u00f4mico, Salmito Filho, destacou o apoio do governador e do senador para o projeto do Cear\u00e1 se tornar um Hub de Hidrog\u00eanio Verde. O presidente do Complexo do Pec\u00e9m, Hugo Figueir\u00eado, ressaltou o potencial do local e sua capacidade de movimentar a economia do Cear\u00e1.<\/p>\n\n\n\n<p>Durante a audi\u00eancia, tamb\u00e9m foi destacado o investimento em capacita\u00e7\u00e3o de pessoal para impulsionar o Hub de Hidrog\u00eanio Verde no estado. Cerca de 10 mil pessoas ser\u00e3o capacitadas para trabalhar no projeto. O presidente da Federa\u00e7\u00e3o das Ind\u00fastrias do Estado do Cear\u00e1, Ricardo Cavalcante, ressaltou a import\u00e2ncia de regulamentar o Hidrog\u00eanio Verde e enfatizou que esse projeto ir\u00e1 transformar a vida das pessoas.<\/p>\n\n\n\n<p>Ap\u00f3s a audi\u00eancia, os membros da Comiss\u00e3o e representantes do governo realizaram visitas t\u00e9cnicas \u00e0 planta de produ\u00e7\u00e3o de Hidrog\u00eanio Verde da empresa EDP e ao Porto do Pec\u00e9m. A comitiva utilizou um \u00f4nibus el\u00e9trico movido a energia solar para percorrer as dist\u00e2ncias.<\/p>\n\n\n\n<p>Al\u00e9m disso, especialistas das universidades e institutos de pesquisa locais apresentaram informa\u00e7\u00f5es t\u00e9cnicas sobre o potencial e os desafios do Hidrog\u00eanio Verde no Cear\u00e1.<\/p>\n\n\n\n<p class=\"has-small-font-size\"><strong>Foto: Divulga\u00e7\u00e3o<\/strong><\/p>\n","protected":false},"excerpt":{"rendered":"<p><small> 2 minutos<\/small> O Cear\u00e1 apresentou seu potencial de produ\u00e7\u00e3o de Hidrog\u00eanio Verde em uma audi\u00eancia realizada no Complexo do Pec\u00e9m, em S\u00e3o Gon\u00e7alo do Amarante, perante a Comiss\u00e3o Especial do combust\u00edvel no Senado Federal. O encontro teve como objetivo discutir as iniciativas do estado em rela\u00e7\u00e3o \u00e0s energias renov\u00e1veis, com destaque para o Hidrog\u00eanio Verde. O governador Elmano de Freitas ressaltou os esfor\u00e7os do Governo do Cear\u00e1 para atrair investimentos e viabilizar o Hub de Hidrog\u00eanio Verde. Atualmente, existem 30 memorandos de entendimento entre <a href=\"https:\/\/www.abrazpe.org.br\/index.php\/2023\/06\/28\/ceara-destaca-potencial-de-hidrogenio-verde-ao-senado\/\" class=\"more-link\"><span>Continue lendo<\/span>\u2192<\/a><\/p>\n","protected":false},"author":6,"featured_media":5739,"comment_status":"closed","ping_status":"open","sticky":false,"template":"","format":"standard","meta":{"footnotes":""},"categories":[7],"tags":[72,82,104,83,92,90,66,105,74],"class_list":["entry","author-fpx","post-5738","post","type-post","status-publish","format-standard","has-post-thumbnail","category-noticias","tag-abrazpe","tag-ceara","tag-cid-gomes","tag-complexo-do-pecem","tag-elmano-de-freitas","tag-hidrogenio-verde","tag-pecem","tag-senado","tag-zpe"],"_links":{"self":[{"href":"https:\/\/www.abrazpe.org.br\/index.php\/wp-json\/wp\/v2\/posts\/5738","targetHints":{"allow":["GET"]}}],"collection":[{"href":"https:\/\/www.abrazpe.org.br\/index.php\/wp-json\/wp\/v2\/posts"}],"about":[{"href":"https:\/\/www.abrazpe.org.br\/index.php\/wp-json\/wp\/v2\/types\/post"}],"author":[{"embeddable":true,"href":"https:\/\/www.abrazpe.org.br\/index.php\/wp-json\/wp\/v2\/users\/6"}],"replies":[{"embeddable":true,"href":"https:\/\/www.abrazpe.org.br\/index.php\/wp-json\/wp\/v2\/comments?post=5738"}],"version-history":[{"count":3,"href":"https:\/\/www.abrazpe.org.br\/index.php\/wp-json\/wp\/v2\/posts\/5738\/revisions"}],"predecessor-version":[{"id":5743,"href":"https:\/\/www.abrazpe.org.br\/index.php\/wp-json\/wp\/v2\/posts\/5738\/revisions\/5743"}],"wp:featuredmedia":[{"embeddable":true,"href":"https:\/\/www.abrazpe.org.br\/index.php\/wp-json\/wp\/v2\/media\/5739"}],"wp:attachment":[{"href":"https:\/\/www.abrazpe.org.br\/index.php\/wp-json\/wp\/v2\/media?parent=5738"}],"wp:term":[{"taxonomy":"category","embeddable":true,"href":"https:\/\/www.abrazpe.org.br\/index.php\/wp-json\/wp\/v2\/categories?post=5738"},{"taxonomy":"post_tag","embeddable":true,"href":"https:\/\/www.abrazpe.org.br\/index.php\/wp-json\/wp\/v2\/tags?post=5738"}],"curies":[{"name":"wp","href":"https:\/\/api.w.org\/{rel}","templated":true}]}}