{"id":5789,"date":"2023-07-27T18:16:19","date_gmt":"2023-07-27T21:16:19","guid":{"rendered":"https:\/\/www.abrazpe.org.br\/?p=5789"},"modified":"2023-07-27T20:21:54","modified_gmt":"2023-07-27T23:21:54","slug":"alckmin-assina-resolucao-que-cria-zpe-de-aracruz-no-espirito-santo","status":"publish","type":"post","link":"https:\/\/www.abrazpe.org.br\/index.php\/2023\/07\/27\/alckmin-assina-resolucao-que-cria-zpe-de-aracruz-no-espirito-santo\/","title":{"rendered":"Alckmin assina resolu\u00e7\u00e3o que cria ZPE de Aracruz, no Esp\u00edrito Santo"},"content":{"rendered":"<p class=\"estimated-read-time\">Tempo de leitura:<small> 1 minuto<\/small><\/p> \n<p>O vice-presidente e ministro do Desenvolvimento, Ind\u00fastria, Com\u00e9rcio e Servi\u00e7os (MDIC), Geraldo Alckmin, assinou nesta quinta-feira (27\/7), em Vit\u00f3ria (ES), a resolu\u00e7\u00e3o que cria a Zona de Processamento de Exporta\u00e7\u00e3o (ZPE) de Aracruz, no Esp\u00edrito Santo. Ao lado do governador Renato Casagrande, o ministro ressaltou a import\u00e2ncia da primeira ZPE privada do Brasil.<\/p>\n\n\n\n<p>\u201cA ZPE vai atrair investimento, gerar empregos, ajudar o Brasil. Voc\u00ea vai ter um grande local para instala\u00e7\u00e3o de empresas, para poder agregar valor e exportar produtos, por exemplo rochas ornamentais\u201c, afirmou Alckmin, que destacou que governo federal prioriza desenvolvimento com sustentabilidade, gera\u00e7\u00e3o de emprego e renda.<\/p>\n\n\n\n<p>Dois projetos industriais para serem instalados em Aracruz, das \u00e1reas de rochas ornamentais e de ve\u00edculos, est\u00e3o em an\u00e1lise pelo Conselho Nacional das ZPE. \u201cA ZPE de Aracruz \u00e9 atividade econ\u00f4mica na veia da economia do Estado, que vai potencializar nossa ind\u00fastria e nosso com\u00e9rcio\u201d, complementou o governador Renato Casagrande.<\/p>\n\n\n\n<p>As Zonas de Processamento de Exporta\u00e7\u00e3o s\u00e3o \u00e1reas de livre com\u00e9rcio destinadas \u00e0 produ\u00e7\u00e3o de bens para exporta\u00e7\u00e3o e \u00e0 presta\u00e7\u00e3o de servi\u00e7os vinculados \u00e0 atividade exportadora. Elas contribuem para o desenvolvimento local e para a diminui\u00e7\u00e3o das desigualdades regionais. A produ\u00e7\u00e3o no espa\u00e7o da ZPE, exclusivamente para exporta\u00e7\u00e3o, garante \u00e0s empresas isen\u00e7\u00e3o de IPI, Pis-Cofins e Imposto de Importa\u00e7\u00e3o e AFRMM (Adicional ao Frete para Renova\u00e7\u00e3o da Marinha Mercante) na aquisi\u00e7\u00e3o de insumos e mat\u00e9rias primas.<\/p>\n\n\n\n<p>A assinatura foi realiza durante cerim\u00f4nia de celebra\u00e7\u00e3o dos 65 anos da Federa\u00e7\u00e3o das Ind\u00fastrias do Esp\u00edrito Santo (Findes). No evento, a presidente da Findes, Cris Samorini, ressaltou a import\u00e2ncia da neoindustrializa\u00e7\u00e3o e destacou a pauta da matriz energ\u00e9tica para aumentar a competitividade da ind\u00fastria. O governador de Minas Gerais, Romeu Zema, tamb\u00e9m participou do evento.<\/p>\n\n\n\n<p><a href=\"https:\/\/www.gov.br\/mdic\/pt-br\/assuntos\/noticias\/2023\/julho\/alckmin-assina-resolucao-que-cria-zpe-de-aracruz-no-espirito-santo\">https:\/\/www.gov.br\/mdic\/pt-br\/assuntos\/noticias\/2023\/julho\/alckmin-assina-resolucao-que-cria-zpe-de-aracruz-no-espirito-santo<\/a><\/p>\n\n\n\n<p><\/p>\n\n\n\n<p><\/p>\n","protected":false},"excerpt":{"rendered":"<p><small> 1 minuto<\/small> O vice-presidente e ministro do Desenvolvimento, Ind\u00fastria, Com\u00e9rcio e Servi\u00e7os (MDIC), Geraldo Alckmin, assinou nesta quinta-feira (27\/7), em Vit\u00f3ria (ES), a resolu\u00e7\u00e3o que cria a Zona de Processamento de Exporta\u00e7\u00e3o (ZPE) de Aracruz, no Esp\u00edrito Santo. Ao lado do governador Renato Casagrande, o ministro ressaltou a import\u00e2ncia da primeira ZPE privada do Brasil. \u201cA ZPE vai atrair investimento, gerar empregos, ajudar o Brasil. Voc\u00ea vai ter um grande local para instala\u00e7\u00e3o de empresas, para poder agregar valor e exportar produtos, por exemplo <a href=\"https:\/\/www.abrazpe.org.br\/index.php\/2023\/07\/27\/alckmin-assina-resolucao-que-cria-zpe-de-aracruz-no-espirito-santo\/\" class=\"more-link\"><span>Continue lendo<\/span>\u2192<\/a><\/p>\n","protected":false},"author":4,"featured_media":5790,"comment_status":"closed","ping_status":"open","sticky":false,"template":"","format":"standard","meta":{"footnotes":""},"categories":[7],"tags":[],"class_list":["entry","author-adm_hb2018","post-5789","post","type-post","status-publish","format-standard","has-post-thumbnail","category-noticias"],"_links":{"self":[{"href":"https:\/\/www.abrazpe.org.br\/index.php\/wp-json\/wp\/v2\/posts\/5789","targetHints":{"allow":["GET"]}}],"collection":[{"href":"https:\/\/www.abrazpe.org.br\/index.php\/wp-json\/wp\/v2\/posts"}],"about":[{"href":"https:\/\/www.abrazpe.org.br\/index.php\/wp-json\/wp\/v2\/types\/post"}],"author":[{"embeddable":true,"href":"https:\/\/www.abrazpe.org.br\/index.php\/wp-json\/wp\/v2\/users\/4"}],"replies":[{"embeddable":true,"href":"https:\/\/www.abrazpe.org.br\/index.php\/wp-json\/wp\/v2\/comments?post=5789"}],"version-history":[{"count":2,"href":"https:\/\/www.abrazpe.org.br\/index.php\/wp-json\/wp\/v2\/posts\/5789\/revisions"}],"predecessor-version":[{"id":5792,"href":"https:\/\/www.abrazpe.org.br\/index.php\/wp-json\/wp\/v2\/posts\/5789\/revisions\/5792"}],"wp:featuredmedia":[{"embeddable":true,"href":"https:\/\/www.abrazpe.org.br\/index.php\/wp-json\/wp\/v2\/media\/5790"}],"wp:attachment":[{"href":"https:\/\/www.abrazpe.org.br\/index.php\/wp-json\/wp\/v2\/media?parent=5789"}],"wp:term":[{"taxonomy":"category","embeddable":true,"href":"https:\/\/www.abrazpe.org.br\/index.php\/wp-json\/wp\/v2\/categories?post=5789"},{"taxonomy":"post_tag","embeddable":true,"href":"https:\/\/www.abrazpe.org.br\/index.php\/wp-json\/wp\/v2\/tags?post=5789"}],"curies":[{"name":"wp","href":"https:\/\/api.w.org\/{rel}","templated":true}]}}