{"id":5837,"date":"2023-08-16T14:30:33","date_gmt":"2023-08-16T17:30:33","guid":{"rendered":"https:\/\/www.abrazpe.org.br\/?p=5837"},"modified":"2023-08-16T14:30:34","modified_gmt":"2023-08-16T17:30:34","slug":"frente-parlamentar-das-zpes-sera-lancada-dia-30-de-agosto","status":"publish","type":"post","link":"https:\/\/www.abrazpe.org.br\/index.php\/2023\/08\/16\/frente-parlamentar-das-zpes-sera-lancada-dia-30-de-agosto\/","title":{"rendered":"Frente Parlamentar das ZPEs ser\u00e1 lan\u00e7ada dia 30 de agosto"},"content":{"rendered":"<p class=\"estimated-read-time\">Tempo de leitura:<small> 1 minuto<\/small><\/p> \n<p>A C\u00e2mara dos Deputados ser\u00e1 o palco do lan\u00e7amento da Frente Parlamentar em Defesa das Zonas de Processamento e Exporta\u00e7\u00e3o (ZPE), em uma iniciativa liderada pelo deputado federal Florentino Neto (PT\/PI). O evento est\u00e1 agendado para o dia 30 de agosto e busca promover um ambiente prop\u00edcio para a cria\u00e7\u00e3o de empregos e o fortalecimento dos aspectos tribut\u00e1rios, cambiais e administrativos que regem as Zonas de Exporta\u00e7\u00e3o do Brasil.<\/p>\n\n\n\n<p>O principal objetivo da Frente Parlamentar \u00e9 estimular o crescimento econ\u00f4mico atrav\u00e9s do fomento \u00e0 cultura exportadora, o refor\u00e7o do balan\u00e7o de pagamentos e a dissemina\u00e7\u00e3o de avan\u00e7os tecnol\u00f3gicos. Al\u00e9m disso, almeja a redu\u00e7\u00e3o de disparidades regionais e o progresso socioecon\u00f4mico em todo o pa\u00eds.<\/p>\n\n\n\n<p>As Zonas de Processamento e Exporta\u00e7\u00e3o, ou ZPEs, destacam-se como \u00e1reas de livre com\u00e9rcio voltadas para o mercado internacional. Elas proporcionam um ambiente favor\u00e1vel para a instala\u00e7\u00e3o de empresas dedicadas \u00e0 produ\u00e7\u00e3o de bens destinados \u00e0 exporta\u00e7\u00e3o, bem como para a oferta de servi\u00e7os vinculados \u00e0 industrializa\u00e7\u00e3o de produtos a serem comercializados no exterior. S\u00e3o consideradas zonas prim\u00e1rias no \u00e2mbito do controle aduaneiro.<\/p>\n\n\n\n<p>Florentino Neto, proponente da Frente Parlamentar, enfatiza que, dadas as circunst\u00e2ncias atuais no cen\u00e1rio global, o Brasil se encontra em um momento oportuno para estabelecer ZPEs, gerando empregos e atraindo investimentos direcionados \u00e0 produ\u00e7\u00e3o e ao desenvolvimento econ\u00f4mico em \u00e2mbito local e regional. Esta iniciativa visa tamb\u00e9m a promover uma competi\u00e7\u00e3o equitativa no mercado interno.<\/p>\n\n\n\n<p>A composi\u00e7\u00e3o da Frente ser\u00e1 presidida pelo deputado Florentino Neto, tendo como vice-presidente o deputado federal J\u00falio C\u00e9sar (PSD\/PI), e contar\u00e1 com a participa\u00e7\u00e3o do deputado federal Hugo Leal (PSD\/RJ) e a secretaria a cargo da deputada federal Lidice da Mata (PSD\/BA).<\/p>\n\n\n\n<p><strong>Servi\u00e7o:<\/strong><\/p>\n\n\n\n<p>Data: 30\/08\/2023 Hor\u00e1rio: 14h \u00e0s 16h<\/p>\n\n\n\n<p>Local: Sal\u00e3o Nobre da c\u00e2mara dos Deputados<\/p>\n\n\n\n<p class=\"has-small-font-size\"><strong>Foto: Zeca Ribeiro\/C\u00e2mara dos Deputados<\/strong><\/p>\n","protected":false},"excerpt":{"rendered":"<p><small> 1 minuto<\/small> A C\u00e2mara dos Deputados ser\u00e1 o palco do lan\u00e7amento da Frente Parlamentar em Defesa das Zonas de Processamento e Exporta\u00e7\u00e3o (ZPE), em uma iniciativa liderada pelo deputado federal Florentino Neto (PT\/PI). O evento est\u00e1 agendado para o dia 30 de agosto e busca promover um ambiente prop\u00edcio para a cria\u00e7\u00e3o de empregos e o fortalecimento dos aspectos tribut\u00e1rios, cambiais e administrativos que regem as Zonas de Exporta\u00e7\u00e3o do Brasil. O principal objetivo da Frente Parlamentar \u00e9 estimular o crescimento econ\u00f4mico atrav\u00e9s do <a href=\"https:\/\/www.abrazpe.org.br\/index.php\/2023\/08\/16\/frente-parlamentar-das-zpes-sera-lancada-dia-30-de-agosto\/\" class=\"more-link\"><span>Continue lendo<\/span>\u2192<\/a><\/p>\n","protected":false},"author":6,"featured_media":5838,"comment_status":"closed","ping_status":"open","sticky":false,"template":"","format":"standard","meta":{"footnotes":""},"categories":[7],"tags":[72,75,89,74],"class_list":["entry","author-fpx","post-5837","post","type-post","status-publish","format-standard","has-post-thumbnail","category-noticias","tag-abrazpe","tag-florentino-neto","tag-frente-parlamentar","tag-zpe"],"_links":{"self":[{"href":"https:\/\/www.abrazpe.org.br\/index.php\/wp-json\/wp\/v2\/posts\/5837","targetHints":{"allow":["GET"]}}],"collection":[{"href":"https:\/\/www.abrazpe.org.br\/index.php\/wp-json\/wp\/v2\/posts"}],"about":[{"href":"https:\/\/www.abrazpe.org.br\/index.php\/wp-json\/wp\/v2\/types\/post"}],"author":[{"embeddable":true,"href":"https:\/\/www.abrazpe.org.br\/index.php\/wp-json\/wp\/v2\/users\/6"}],"replies":[{"embeddable":true,"href":"https:\/\/www.abrazpe.org.br\/index.php\/wp-json\/wp\/v2\/comments?post=5837"}],"version-history":[{"count":1,"href":"https:\/\/www.abrazpe.org.br\/index.php\/wp-json\/wp\/v2\/posts\/5837\/revisions"}],"predecessor-version":[{"id":5839,"href":"https:\/\/www.abrazpe.org.br\/index.php\/wp-json\/wp\/v2\/posts\/5837\/revisions\/5839"}],"wp:featuredmedia":[{"embeddable":true,"href":"https:\/\/www.abrazpe.org.br\/index.php\/wp-json\/wp\/v2\/media\/5838"}],"wp:attachment":[{"href":"https:\/\/www.abrazpe.org.br\/index.php\/wp-json\/wp\/v2\/media?parent=5837"}],"wp:term":[{"taxonomy":"category","embeddable":true,"href":"https:\/\/www.abrazpe.org.br\/index.php\/wp-json\/wp\/v2\/categories?post=5837"},{"taxonomy":"post_tag","embeddable":true,"href":"https:\/\/www.abrazpe.org.br\/index.php\/wp-json\/wp\/v2\/tags?post=5837"}],"curies":[{"name":"wp","href":"https:\/\/api.w.org\/{rel}","templated":true}]}}